{"id":10836,"date":"2025-07-02T12:52:06","date_gmt":"2025-07-02T10:52:06","guid":{"rendered":"https:\/\/lag-selbsthilfe-sachsen.de\/?p=10836"},"modified":"2025-07-02T12:53:16","modified_gmt":"2025-07-02T10:53:16","slug":"behinderte-menschen-sind-nach-der-wahl-besorgt","status":"publish","type":"post","link":"https:\/\/lag-selbsthilfe-sachsen.de\/ls\/behinderte-menschen-sind-nach-der-wahl-besorgt\/","title":{"rendered":"Behinderte Menschen sind nach der Wahl besorgt"},"content":{"rendered":"<p>Vor Kurzem gab es in Deutschland eine Wahl.<br \/>\nDiese Wahl hei\u00dft Bundes\u00b7tags\u00b7wahl.<br \/>\nDabei werden Vertreter vom Volk gew\u00e4hlt.<br \/>\nSie setzen sich f\u00fcr die Interessen von den Menschen ein.<\/p>\n<p>Der Verein <strong>Aktion Mensch<\/strong> hat eine Umfrage zu der Wahl durchgef\u00fchrt.<br \/>\nDieser Verein setzt sich f\u00fcr Menschen mit Behinderung ein.<br \/>\nEs gibt ihn schon sehr lange.<br \/>\nDas zeigt die Umfrage:<\/p>\n<ul>\n<li>Die meisten Menschen mit Behinderung sind mit dem Ergebnis der Wahl nicht zufrieden.<\/li>\n<li>Nur wenige vertrauen der neuen Regierung beim Thema Inklusion.<\/li>\n<li>Viele sehen einen Bedeutungs\u00b7verlust von Inklusion.<\/li>\n<li>Sie haben Angst:<br \/>\nDie Regierung sieht Inklusion vielleicht <strong>nicht<\/strong> als wichtig an.<\/li>\n<\/ul>\n<p>&nbsp;<\/p>\n<p>Die Sprecherin von<strong> Aktion Mensch <\/strong>sagt dazu:<br \/>\nDiese Ergebnisse machen uns gro\u00dfe Sorge.<br \/>\nMenschen mit Behinderung haben Angst.<br \/>\nDie neue Regierung muss Inklusion wirklich umsetzen.<br \/>\nAber nicht nur die Regierung:<br \/>\nDie ganze Gesellschaft muss sich f\u00fcr Gleich\u00b7berechtigung einsetzen.<\/p>\n<p>Die befragten Menschen mit Behinderung haben drei Haupt\u00b7forderungen:<\/p>\n<ul>\n<li>Die soziale Sicherung muss erhalten und ausgebaut werden.<\/li>\n<li>Wir brauchen barriere\u00b7freien Wohn\u00b7raum.<\/li>\n<li>Wir brauchen bessere Chancen auf dem Arbeits\u00b7markt.<\/li>\n<\/ul>\n<p><strong>\u00a0<\/strong><\/p>\n<p>Deutschland hat sich schon vor vielen Jahren zu Inklusion verpflichtet.<br \/>\nTrotzdem machen Menschen mit Behinderung sich nach der Wahl mehr Sorgen.<br \/>\nDeshalb fordert <strong>Aktion Mensch<\/strong> schnelle Entscheidungen f\u00fcr mehr Inklusion.<br \/>\nSonst kann es keine Gleich\u00b7berechtigung geben.<br \/>\nFast alle Teilnehmer und Teilnehmerinnen von der Umfrage haben an der Wahl teilgenommen.<br \/>\nDas zeigt:<br \/>\nSie setzen sich f\u00fcr ihre Interessen ein.<\/p>\n<p>&nbsp;<\/p>\n<p>\u2014\u2014\u2014\u2014\u2014\u2014\u2014\u2014\u2014\u2014\u2014\u2014\u2014\u2014\u2014\u2014\u2014\u2014\u2014\u2014\u2014\u2014\u2014\u2014\u2014\u2014\u2014\u2014\u2014\u2014\u2014\u2014\u2014\u2014\u2014\u2014\u2014\u2014\u2014\u2014\u2013<\/p>\n<p>&nbsp;<\/p>\n<p>Information zur Umfrage<\/p>\n<p><strong>Aktion Mensch <\/strong>f\u00fchrte die Umfrage zweimal durch.<br \/>\nDas erste Mal war im Februar und M\u00e4rz 2025.<br \/>\nDas zweite Mal war im April 2025.<br \/>\nDer Verein wurde von einem Forschungs\u00b7institut unterst\u00fctzt.<br \/>\nDie Umfrage fand online statt.<br \/>\nBeide Male nahmen \u00fcber 400 Menschen mit Beeintr\u00e4chtigung teil.<br \/>\nSie alle sind Mitglieder der sogenannten Teilhabe-Community.<br \/>\nDa werden ausschlie\u00dflich Menschen mit Beeintr\u00e4chtigung befragt.<br \/>\nHier k\u00f6nnen Sie mehr dazu erfahren:\u00a0<a href=\"https:\/\/www.aktion-mensch.de\/teilhabe-community\">www.aktion-mensch.de\/teilhabe-community<\/a>.<\/p>\n<p>&nbsp;<\/p>\n","protected":false},"excerpt":{"rendered":"<p>Vor Kurzem gab es in Deutschland eine Wahl. Diese Wahl hei\u00dft Bundes\u00b7tags\u00b7wahl. Dabei werden Vertreter vom Volk gew\u00e4hlt. Sie setzen sich f\u00fcr die Interessen von den Menschen ein. Der Verein Aktion Mensch hat eine Umfrage zu der Wahl durchgef\u00fchrt. Dieser Verein setzt sich f\u00fcr Menschen mit Behinderung ein. Es gibt ihn schon sehr lange. Das<\/p>\n","protected":false},"author":7,"featured_media":10293,"comment_status":"closed","ping_status":"open","sticky":true,"template":"","format":"standard","meta":{"_acf_changed":false,"footnotes":""},"categories":[51],"tags":[],"class_list":["post-10836","post","type-post","status-publish","format-standard","has-post-thumbnail","hentry","category-uncategorized-ls"],"acf":[],"yoast_head":"<!-- This site is optimized with the Yoast SEO plugin v27.3 - https:\/\/yoast.com\/product\/yoast-seo-wordpress\/ -->\n<title>Behinderte Menschen sind nach der Wahl besorgt - LAG<\/title>\n<meta name=\"robots\" content=\"index, follow, max-snippet:-1, max-image-preview:large, max-video-preview:-1\" \/>\n<link rel=\"canonical\" href=\"https:\/\/lag-selbsthilfe-sachsen.de\/ls\/behinderte-menschen-sind-nach-der-wahl-besorgt\/\" \/>\n<meta property=\"og:locale\" content=\"en_US\" \/>\n<meta property=\"og:type\" content=\"article\" \/>\n<meta property=\"og:title\" content=\"Behinderte Menschen sind nach der Wahl besorgt - LAG\" \/>\n<meta property=\"og:description\" content=\"Vor Kurzem gab es in Deutschland eine Wahl. Diese Wahl hei\u00dft Bundes\u00b7tags\u00b7wahl. Dabei werden Vertreter vom Volk gew\u00e4hlt. Sie setzen sich f\u00fcr die Interessen von den Menschen ein. Der Verein Aktion Mensch hat eine Umfrage zu der Wahl durchgef\u00fchrt. Dieser Verein setzt sich f\u00fcr Menschen mit Behinderung ein. Es gibt ihn schon sehr lange. Das\" \/>\n<meta property=\"og:url\" content=\"https:\/\/lag-selbsthilfe-sachsen.de\/ls\/behinderte-menschen-sind-nach-der-wahl-besorgt\/\" \/>\n<meta property=\"og:site_name\" content=\"LAG\" \/>\n<meta property=\"article:published_time\" content=\"2025-07-02T10:52:06+00:00\" \/>\n<meta property=\"article:modified_time\" content=\"2025-07-02T10:53:16+00:00\" \/>\n<meta property=\"og:image\" content=\"https:\/\/lag-selbsthilfe-sachsen.de\/wp-content\/uploads\/2025\/05\/Umfrage_Pixabay-kostenlos-1-e1751453591744.jpg\" \/>\n\t<meta property=\"og:image:width\" content=\"800\" \/>\n\t<meta property=\"og:image:height\" content=\"533\" \/>\n\t<meta property=\"og:image:type\" content=\"image\/jpeg\" \/>\n<meta name=\"author\" content=\"Lara Hanske\" \/>\n<meta name=\"twitter:card\" content=\"summary_large_image\" \/>\n<meta name=\"twitter:label1\" content=\"Written by\" \/>\n\t<meta name=\"twitter:data1\" content=\"Lara Hanske\" \/>\n\t<meta name=\"twitter:label2\" content=\"Est. reading time\" \/>\n\t<meta name=\"twitter:data2\" content=\"2 minutes\" \/>\n<script type=\"application\/ld+json\" class=\"yoast-schema-graph\">{\"@context\":\"https:\\\/\\\/schema.org\",\"@graph\":[{\"@type\":\"Article\",\"@id\":\"https:\\\/\\\/lag-selbsthilfe-sachsen.de\\\/ls\\\/behinderte-menschen-sind-nach-der-wahl-besorgt\\\/#article\",\"isPartOf\":{\"@id\":\"https:\\\/\\\/lag-selbsthilfe-sachsen.de\\\/ls\\\/behinderte-menschen-sind-nach-der-wahl-besorgt\\\/\"},\"author\":{\"name\":\"Lara Hanske\",\"@id\":\"https:\\\/\\\/lag-selbsthilfe-sachsen.de\\\/ls\\\/#\\\/schema\\\/person\\\/7af3954e2b148aadcfd0647e37a10f39\"},\"headline\":\"Behinderte Menschen sind nach der Wahl besorgt\",\"datePublished\":\"2025-07-02T10:52:06+00:00\",\"dateModified\":\"2025-07-02T10:53:16+00:00\",\"mainEntityOfPage\":{\"@id\":\"https:\\\/\\\/lag-selbsthilfe-sachsen.de\\\/ls\\\/behinderte-menschen-sind-nach-der-wahl-besorgt\\\/\"},\"wordCount\":326,\"image\":{\"@id\":\"https:\\\/\\\/lag-selbsthilfe-sachsen.de\\\/ls\\\/behinderte-menschen-sind-nach-der-wahl-besorgt\\\/#primaryimage\"},\"thumbnailUrl\":\"https:\\\/\\\/lag-selbsthilfe-sachsen.de\\\/wp-content\\\/uploads\\\/2025\\\/05\\\/Umfrage_Pixabay-kostenlos-1-e1751453591744.jpg\",\"articleSection\":[\"Uncategorized @ls\"],\"inLanguage\":\"l-S\"},{\"@type\":\"WebPage\",\"@id\":\"https:\\\/\\\/lag-selbsthilfe-sachsen.de\\\/ls\\\/behinderte-menschen-sind-nach-der-wahl-besorgt\\\/\",\"url\":\"https:\\\/\\\/lag-selbsthilfe-sachsen.de\\\/ls\\\/behinderte-menschen-sind-nach-der-wahl-besorgt\\\/\",\"name\":\"Behinderte Menschen sind nach der Wahl besorgt - LAG\",\"isPartOf\":{\"@id\":\"https:\\\/\\\/lag-selbsthilfe-sachsen.de\\\/ls\\\/#website\"},\"primaryImageOfPage\":{\"@id\":\"https:\\\/\\\/lag-selbsthilfe-sachsen.de\\\/ls\\\/behinderte-menschen-sind-nach-der-wahl-besorgt\\\/#primaryimage\"},\"image\":{\"@id\":\"https:\\\/\\\/lag-selbsthilfe-sachsen.de\\\/ls\\\/behinderte-menschen-sind-nach-der-wahl-besorgt\\\/#primaryimage\"},\"thumbnailUrl\":\"https:\\\/\\\/lag-selbsthilfe-sachsen.de\\\/wp-content\\\/uploads\\\/2025\\\/05\\\/Umfrage_Pixabay-kostenlos-1-e1751453591744.jpg\",\"datePublished\":\"2025-07-02T10:52:06+00:00\",\"dateModified\":\"2025-07-02T10:53:16+00:00\",\"author\":{\"@id\":\"https:\\\/\\\/lag-selbsthilfe-sachsen.de\\\/ls\\\/#\\\/schema\\\/person\\\/7af3954e2b148aadcfd0647e37a10f39\"},\"breadcrumb\":{\"@id\":\"https:\\\/\\\/lag-selbsthilfe-sachsen.de\\\/ls\\\/behinderte-menschen-sind-nach-der-wahl-besorgt\\\/#breadcrumb\"},\"inLanguage\":\"l-S\",\"potentialAction\":[{\"@type\":\"ReadAction\",\"target\":[\"https:\\\/\\\/lag-selbsthilfe-sachsen.de\\\/ls\\\/behinderte-menschen-sind-nach-der-wahl-besorgt\\\/\"]}]},{\"@type\":\"ImageObject\",\"inLanguage\":\"l-S\",\"@id\":\"https:\\\/\\\/lag-selbsthilfe-sachsen.de\\\/ls\\\/behinderte-menschen-sind-nach-der-wahl-besorgt\\\/#primaryimage\",\"url\":\"https:\\\/\\\/lag-selbsthilfe-sachsen.de\\\/wp-content\\\/uploads\\\/2025\\\/05\\\/Umfrage_Pixabay-kostenlos-1-e1751453591744.jpg\",\"contentUrl\":\"https:\\\/\\\/lag-selbsthilfe-sachsen.de\\\/wp-content\\\/uploads\\\/2025\\\/05\\\/Umfrage_Pixabay-kostenlos-1-e1751453591744.jpg\",\"width\":800,\"height\":533},{\"@type\":\"BreadcrumbList\",\"@id\":\"https:\\\/\\\/lag-selbsthilfe-sachsen.de\\\/ls\\\/behinderte-menschen-sind-nach-der-wahl-besorgt\\\/#breadcrumb\",\"itemListElement\":[{\"@type\":\"ListItem\",\"position\":1,\"name\":\"Startseite\",\"item\":\"https:\\\/\\\/lag-selbsthilfe-sachsen.de\\\/ls\\\/\"},{\"@type\":\"ListItem\",\"position\":2,\"name\":\"Behinderte Menschen sind nach der Wahl besorgt\"}]},{\"@type\":\"WebSite\",\"@id\":\"https:\\\/\\\/lag-selbsthilfe-sachsen.de\\\/ls\\\/#website\",\"url\":\"https:\\\/\\\/lag-selbsthilfe-sachsen.de\\\/ls\\\/\",\"name\":\"LAG\",\"description\":\"Landesarbeitsgemeinschaft Selbsthilfe Sachsen e.V.\",\"potentialAction\":[{\"@type\":\"SearchAction\",\"target\":{\"@type\":\"EntryPoint\",\"urlTemplate\":\"https:\\\/\\\/lag-selbsthilfe-sachsen.de\\\/ls\\\/?s={search_term_string}\"},\"query-input\":{\"@type\":\"PropertyValueSpecification\",\"valueRequired\":true,\"valueName\":\"search_term_string\"}}],\"inLanguage\":\"l-S\"},{\"@type\":\"Person\",\"@id\":\"https:\\\/\\\/lag-selbsthilfe-sachsen.de\\\/ls\\\/#\\\/schema\\\/person\\\/7af3954e2b148aadcfd0647e37a10f39\",\"name\":\"Lara Hanske\",\"url\":\"https:\\\/\\\/lag-selbsthilfe-sachsen.de\\\/ls\\\/author\\\/larahanske\\\/\"}]}<\/script>\n<!-- \/ Yoast SEO plugin. -->","yoast_head_json":{"title":"Behinderte Menschen sind nach der Wahl besorgt - LAG","robots":{"index":"index","follow":"follow","max-snippet":"max-snippet:-1","max-image-preview":"max-image-preview:large","max-video-preview":"max-video-preview:-1"},"canonical":"https:\/\/lag-selbsthilfe-sachsen.de\/ls\/behinderte-menschen-sind-nach-der-wahl-besorgt\/","og_locale":"en_US","og_type":"article","og_title":"Behinderte Menschen sind nach der Wahl besorgt - LAG","og_description":"Vor Kurzem gab es in Deutschland eine Wahl. Diese Wahl hei\u00dft Bundes\u00b7tags\u00b7wahl. Dabei werden Vertreter vom Volk gew\u00e4hlt. Sie setzen sich f\u00fcr die Interessen von den Menschen ein. Der Verein Aktion Mensch hat eine Umfrage zu der Wahl durchgef\u00fchrt. Dieser Verein setzt sich f\u00fcr Menschen mit Behinderung ein. Es gibt ihn schon sehr lange. Das","og_url":"https:\/\/lag-selbsthilfe-sachsen.de\/ls\/behinderte-menschen-sind-nach-der-wahl-besorgt\/","og_site_name":"LAG","article_published_time":"2025-07-02T10:52:06+00:00","article_modified_time":"2025-07-02T10:53:16+00:00","og_image":[{"width":800,"height":533,"url":"https:\/\/lag-selbsthilfe-sachsen.de\/wp-content\/uploads\/2025\/05\/Umfrage_Pixabay-kostenlos-1-e1751453591744.jpg","type":"image\/jpeg"}],"author":"Lara Hanske","twitter_card":"summary_large_image","twitter_misc":{"Written by":"Lara Hanske","Est. reading time":"2 minutes"},"schema":{"@context":"https:\/\/schema.org","@graph":[{"@type":"Article","@id":"https:\/\/lag-selbsthilfe-sachsen.de\/ls\/behinderte-menschen-sind-nach-der-wahl-besorgt\/#article","isPartOf":{"@id":"https:\/\/lag-selbsthilfe-sachsen.de\/ls\/behinderte-menschen-sind-nach-der-wahl-besorgt\/"},"author":{"name":"Lara Hanske","@id":"https:\/\/lag-selbsthilfe-sachsen.de\/ls\/#\/schema\/person\/7af3954e2b148aadcfd0647e37a10f39"},"headline":"Behinderte Menschen sind nach der Wahl besorgt","datePublished":"2025-07-02T10:52:06+00:00","dateModified":"2025-07-02T10:53:16+00:00","mainEntityOfPage":{"@id":"https:\/\/lag-selbsthilfe-sachsen.de\/ls\/behinderte-menschen-sind-nach-der-wahl-besorgt\/"},"wordCount":326,"image":{"@id":"https:\/\/lag-selbsthilfe-sachsen.de\/ls\/behinderte-menschen-sind-nach-der-wahl-besorgt\/#primaryimage"},"thumbnailUrl":"https:\/\/lag-selbsthilfe-sachsen.de\/wp-content\/uploads\/2025\/05\/Umfrage_Pixabay-kostenlos-1-e1751453591744.jpg","articleSection":["Uncategorized @ls"],"inLanguage":"l-S"},{"@type":"WebPage","@id":"https:\/\/lag-selbsthilfe-sachsen.de\/ls\/behinderte-menschen-sind-nach-der-wahl-besorgt\/","url":"https:\/\/lag-selbsthilfe-sachsen.de\/ls\/behinderte-menschen-sind-nach-der-wahl-besorgt\/","name":"Behinderte Menschen sind nach der Wahl besorgt - LAG","isPartOf":{"@id":"https:\/\/lag-selbsthilfe-sachsen.de\/ls\/#website"},"primaryImageOfPage":{"@id":"https:\/\/lag-selbsthilfe-sachsen.de\/ls\/behinderte-menschen-sind-nach-der-wahl-besorgt\/#primaryimage"},"image":{"@id":"https:\/\/lag-selbsthilfe-sachsen.de\/ls\/behinderte-menschen-sind-nach-der-wahl-besorgt\/#primaryimage"},"thumbnailUrl":"https:\/\/lag-selbsthilfe-sachsen.de\/wp-content\/uploads\/2025\/05\/Umfrage_Pixabay-kostenlos-1-e1751453591744.jpg","datePublished":"2025-07-02T10:52:06+00:00","dateModified":"2025-07-02T10:53:16+00:00","author":{"@id":"https:\/\/lag-selbsthilfe-sachsen.de\/ls\/#\/schema\/person\/7af3954e2b148aadcfd0647e37a10f39"},"breadcrumb":{"@id":"https:\/\/lag-selbsthilfe-sachsen.de\/ls\/behinderte-menschen-sind-nach-der-wahl-besorgt\/#breadcrumb"},"inLanguage":"l-S","potentialAction":[{"@type":"ReadAction","target":["https:\/\/lag-selbsthilfe-sachsen.de\/ls\/behinderte-menschen-sind-nach-der-wahl-besorgt\/"]}]},{"@type":"ImageObject","inLanguage":"l-S","@id":"https:\/\/lag-selbsthilfe-sachsen.de\/ls\/behinderte-menschen-sind-nach-der-wahl-besorgt\/#primaryimage","url":"https:\/\/lag-selbsthilfe-sachsen.de\/wp-content\/uploads\/2025\/05\/Umfrage_Pixabay-kostenlos-1-e1751453591744.jpg","contentUrl":"https:\/\/lag-selbsthilfe-sachsen.de\/wp-content\/uploads\/2025\/05\/Umfrage_Pixabay-kostenlos-1-e1751453591744.jpg","width":800,"height":533},{"@type":"BreadcrumbList","@id":"https:\/\/lag-selbsthilfe-sachsen.de\/ls\/behinderte-menschen-sind-nach-der-wahl-besorgt\/#breadcrumb","itemListElement":[{"@type":"ListItem","position":1,"name":"Startseite","item":"https:\/\/lag-selbsthilfe-sachsen.de\/ls\/"},{"@type":"ListItem","position":2,"name":"Behinderte Menschen sind nach der Wahl besorgt"}]},{"@type":"WebSite","@id":"https:\/\/lag-selbsthilfe-sachsen.de\/ls\/#website","url":"https:\/\/lag-selbsthilfe-sachsen.de\/ls\/","name":"LAG","description":"Landesarbeitsgemeinschaft Selbsthilfe Sachsen e.V.","potentialAction":[{"@type":"SearchAction","target":{"@type":"EntryPoint","urlTemplate":"https:\/\/lag-selbsthilfe-sachsen.de\/ls\/?s={search_term_string}"},"query-input":{"@type":"PropertyValueSpecification","valueRequired":true,"valueName":"search_term_string"}}],"inLanguage":"l-S"},{"@type":"Person","@id":"https:\/\/lag-selbsthilfe-sachsen.de\/ls\/#\/schema\/person\/7af3954e2b148aadcfd0647e37a10f39","name":"Lara Hanske","url":"https:\/\/lag-selbsthilfe-sachsen.de\/ls\/author\/larahanske\/"}]}},"_links":{"self":[{"href":"https:\/\/lag-selbsthilfe-sachsen.de\/ls\/wp-json\/wp\/v2\/posts\/10836","targetHints":{"allow":["GET"]}}],"collection":[{"href":"https:\/\/lag-selbsthilfe-sachsen.de\/ls\/wp-json\/wp\/v2\/posts"}],"about":[{"href":"https:\/\/lag-selbsthilfe-sachsen.de\/ls\/wp-json\/wp\/v2\/types\/post"}],"author":[{"embeddable":true,"href":"https:\/\/lag-selbsthilfe-sachsen.de\/ls\/wp-json\/wp\/v2\/users\/7"}],"replies":[{"embeddable":true,"href":"https:\/\/lag-selbsthilfe-sachsen.de\/ls\/wp-json\/wp\/v2\/comments?post=10836"}],"version-history":[{"count":1,"href":"https:\/\/lag-selbsthilfe-sachsen.de\/ls\/wp-json\/wp\/v2\/posts\/10836\/revisions"}],"predecessor-version":[{"id":10837,"href":"https:\/\/lag-selbsthilfe-sachsen.de\/ls\/wp-json\/wp\/v2\/posts\/10836\/revisions\/10837"}],"wp:featuredmedia":[{"embeddable":true,"href":"https:\/\/lag-selbsthilfe-sachsen.de\/ls\/wp-json\/wp\/v2\/media\/10293"}],"wp:attachment":[{"href":"https:\/\/lag-selbsthilfe-sachsen.de\/ls\/wp-json\/wp\/v2\/media?parent=10836"}],"wp:term":[{"taxonomy":"category","embeddable":true,"href":"https:\/\/lag-selbsthilfe-sachsen.de\/ls\/wp-json\/wp\/v2\/categories?post=10836"},{"taxonomy":"post_tag","embeddable":true,"href":"https:\/\/lag-selbsthilfe-sachsen.de\/ls\/wp-json\/wp\/v2\/tags?post=10836"}],"curies":[{"name":"wp","href":"https:\/\/api.w.org\/{rel}","templated":true}]}}