{"id":10852,"date":"2025-05-26T13:35:58","date_gmt":"2025-05-26T11:35:58","guid":{"rendered":"https:\/\/lag-selbsthilfe-sachsen.de\/?p=10852"},"modified":"2025-07-02T13:39:53","modified_gmt":"2025-07-02T11:39:53","slug":"konferenz-ueber-beduerfnisse-von-menschen-mit-behinderungen","status":"publish","type":"post","link":"https:\/\/lag-selbsthilfe-sachsen.de\/ls\/konferenz-ueber-beduerfnisse-von-menschen-mit-behinderungen\/","title":{"rendered":"Konferenz \u00fcber Bed\u00fcrfnisse von Menschen mit Behinderungen"},"content":{"rendered":"<p>Die Behinderten\u00b7beauftragten in Deutschland fordern mehr Teil\u00b7habe von Menschen mit Behinderungen<\/p>\n<p>Im Mai gab es in Mainz eine Konferenz \u00fcber die Bed\u00fcrfnisse von Menschen mit Behinderung.<\/p>\n<p>Daran nahmen verschiedene Gruppen teil:<\/p>\n<ul>\n<li>Vertreter aus Bund und L\u00e4ndern<\/li>\n<li>die Bundes\u00b7arbeits\u00b7gemeinschaft Rehabilitation<\/li>\n<li>das deutsche Institut f\u00fcr Menschen\u00b7rechte<\/li>\n<\/ul>\n<p>Bei der Konferenz ging es vor allem um die Teil\u00b7habe von behinderten Menschen.<\/p>\n<p>Die Teilnehmer und Teilnehmerinnen forderten:<\/p>\n<p>Teil\u00b7habe muss \u00fcberall wichtig bleiben.<\/p>\n<p>Das ist Teil von Demo\u00b7kratie.<\/p>\n<p>Die Menschen m\u00fcssen mit\u00b7entscheiden k\u00f6nnen.<\/p>\n<p>Deshalb sollen sie \u00fcberall Verantwortung \u00fcbernehmen k\u00f6nnen.<\/p>\n<p>Das geht zum Beispiel \u00fcber ein Ehren\u00b7amt.<\/p>\n<p>Ein Ehren\u00b7amt ist eine Arbeit ohne Bezahlung.<\/p>\n<p>Man macht sie aus Interesse am Thema.<\/p>\n<p>Aber diese Arbeit ist oft nicht barriere\u00b7frei.<\/p>\n<p>Das muss sich \u00e4ndern.<\/p>\n<p>Organisationen f\u00fcr Menschen mit Behinderung sollen finanzielle Hilfe bekommen.<\/p>\n<p>Die Rechte m\u00fcssen klar geregt sein.<\/p>\n<p>Die Aufgaben m\u00fcssen klar verteilt sein.<\/p>\n<h4><strong>Hintergrund:<\/strong><\/h4>\n<p>Die Vereinten Nationen sind eine gro\u00dfe Organisation mit fast allen L\u00e4ndern der Welt.<\/p>\n<p>Vor vielen Jahren haben sie einen Vertrag gemacht.<\/p>\n<p>Im Vertrag steht:<\/p>\n<ul>\n<li>Behinderte sollen \u00fcberall mitmachen k\u00f6nnen.<\/li>\n<li>Es soll keine Barrieren f\u00fcr sie geben.<\/li>\n<li>Behinderte sollen die gleichen Rechte haben wie alle anderen.<\/li>\n<\/ul>\n<p>Auch Deutschland hat den Vertrag unterschrieben.<\/p>\n<p>Aber es h\u00e4lt sich nicht immer ganz daran.<\/p>\n<p>Es hat nicht alle Ziele erreicht.<\/p>\n<p>Vor allem die politische Teilhabe ist nicht genug.<\/p>\n<p>Die Vereinten Nationen wollen bessere Ma\u00dfnahmen von Deutschland.<\/p>\n","protected":false},"excerpt":{"rendered":"<p>Die Behinderten\u00b7beauftragten in Deutschland fordern mehr Teil\u00b7habe von Menschen mit Behinderungen Im Mai gab es in Mainz eine Konferenz \u00fcber die Bed\u00fcrfnisse von Menschen mit Behinderung. Daran nahmen verschiedene Gruppen teil: Vertreter aus Bund und L\u00e4ndern die Bundes\u00b7arbeits\u00b7gemeinschaft Rehabilitation das deutsche Institut f\u00fcr Menschen\u00b7rechte Bei der Konferenz ging es vor allem um die Teil\u00b7habe von<\/p>\n","protected":false},"author":7,"featured_media":4494,"comment_status":"closed","ping_status":"open","sticky":false,"template":"","format":"standard","meta":{"_acf_changed":false,"footnotes":""},"categories":[51],"tags":[],"class_list":["post-10852","post","type-post","status-publish","format-standard","has-post-thumbnail","hentry","category-uncategorized-ls"],"acf":[],"yoast_head":"<!-- This site is optimized with the Yoast SEO plugin v27.3 - https:\/\/yoast.com\/product\/yoast-seo-wordpress\/ -->\n<title>Konferenz \u00fcber Bed\u00fcrfnisse von Menschen mit Behinderungen - LAG<\/title>\n<meta name=\"robots\" content=\"index, follow, max-snippet:-1, max-image-preview:large, max-video-preview:-1\" \/>\n<link rel=\"canonical\" href=\"https:\/\/lag-selbsthilfe-sachsen.de\/ls\/konferenz-ueber-beduerfnisse-von-menschen-mit-behinderungen\/\" \/>\n<meta property=\"og:locale\" content=\"en_US\" \/>\n<meta property=\"og:type\" content=\"article\" \/>\n<meta property=\"og:title\" content=\"Konferenz \u00fcber Bed\u00fcrfnisse von Menschen mit Behinderungen - LAG\" \/>\n<meta property=\"og:description\" content=\"Die Behinderten\u00b7beauftragten in Deutschland fordern mehr Teil\u00b7habe von Menschen mit Behinderungen Im Mai gab es in Mainz eine Konferenz \u00fcber die Bed\u00fcrfnisse von Menschen mit Behinderung. Daran nahmen verschiedene Gruppen teil: Vertreter aus Bund und L\u00e4ndern die Bundes\u00b7arbeits\u00b7gemeinschaft Rehabilitation das deutsche Institut f\u00fcr Menschen\u00b7rechte Bei der Konferenz ging es vor allem um die Teil\u00b7habe von\" \/>\n<meta property=\"og:url\" content=\"https:\/\/lag-selbsthilfe-sachsen.de\/ls\/konferenz-ueber-beduerfnisse-von-menschen-mit-behinderungen\/\" \/>\n<meta property=\"og:site_name\" content=\"LAG\" \/>\n<meta property=\"article:published_time\" content=\"2025-05-26T11:35:58+00:00\" \/>\n<meta property=\"article:modified_time\" content=\"2025-07-02T11:39:53+00:00\" \/>\n<meta property=\"og:image\" content=\"https:\/\/lag-selbsthilfe-sachsen.de\/wp-content\/uploads\/2021\/04\/AdobeStock_57410972-scaled-e1751456387558.jpeg\" \/>\n\t<meta property=\"og:image:width\" content=\"800\" \/>\n\t<meta property=\"og:image:height\" content=\"531\" \/>\n\t<meta property=\"og:image:type\" content=\"image\/jpeg\" \/>\n<meta name=\"author\" content=\"Lara Hanske\" \/>\n<meta name=\"twitter:card\" content=\"summary_large_image\" \/>\n<meta name=\"twitter:label1\" content=\"Written by\" \/>\n\t<meta name=\"twitter:data1\" content=\"Lara Hanske\" \/>\n\t<meta name=\"twitter:label2\" content=\"Est. reading time\" \/>\n\t<meta name=\"twitter:data2\" content=\"2 minutes\" \/>\n<script type=\"application\/ld+json\" class=\"yoast-schema-graph\">{\"@context\":\"https:\\\/\\\/schema.org\",\"@graph\":[{\"@type\":\"Article\",\"@id\":\"https:\\\/\\\/lag-selbsthilfe-sachsen.de\\\/ls\\\/konferenz-ueber-beduerfnisse-von-menschen-mit-behinderungen\\\/#article\",\"isPartOf\":{\"@id\":\"https:\\\/\\\/lag-selbsthilfe-sachsen.de\\\/ls\\\/konferenz-ueber-beduerfnisse-von-menschen-mit-behinderungen\\\/\"},\"author\":{\"name\":\"Lara Hanske\",\"@id\":\"https:\\\/\\\/lag-selbsthilfe-sachsen.de\\\/ls\\\/#\\\/schema\\\/person\\\/7af3954e2b148aadcfd0647e37a10f39\"},\"headline\":\"Konferenz \u00fcber Bed\u00fcrfnisse von Menschen mit Behinderungen\",\"datePublished\":\"2025-05-26T11:35:58+00:00\",\"dateModified\":\"2025-07-02T11:39:53+00:00\",\"mainEntityOfPage\":{\"@id\":\"https:\\\/\\\/lag-selbsthilfe-sachsen.de\\\/ls\\\/konferenz-ueber-beduerfnisse-von-menschen-mit-behinderungen\\\/\"},\"wordCount\":254,\"image\":{\"@id\":\"https:\\\/\\\/lag-selbsthilfe-sachsen.de\\\/ls\\\/konferenz-ueber-beduerfnisse-von-menschen-mit-behinderungen\\\/#primaryimage\"},\"thumbnailUrl\":\"https:\\\/\\\/lag-selbsthilfe-sachsen.de\\\/wp-content\\\/uploads\\\/2021\\\/04\\\/AdobeStock_57410972-scaled-e1751456387558.jpeg\",\"articleSection\":[\"Uncategorized @ls\"],\"inLanguage\":\"l-S\"},{\"@type\":\"WebPage\",\"@id\":\"https:\\\/\\\/lag-selbsthilfe-sachsen.de\\\/ls\\\/konferenz-ueber-beduerfnisse-von-menschen-mit-behinderungen\\\/\",\"url\":\"https:\\\/\\\/lag-selbsthilfe-sachsen.de\\\/ls\\\/konferenz-ueber-beduerfnisse-von-menschen-mit-behinderungen\\\/\",\"name\":\"Konferenz \u00fcber Bed\u00fcrfnisse von Menschen mit Behinderungen - LAG\",\"isPartOf\":{\"@id\":\"https:\\\/\\\/lag-selbsthilfe-sachsen.de\\\/ls\\\/#website\"},\"primaryImageOfPage\":{\"@id\":\"https:\\\/\\\/lag-selbsthilfe-sachsen.de\\\/ls\\\/konferenz-ueber-beduerfnisse-von-menschen-mit-behinderungen\\\/#primaryimage\"},\"image\":{\"@id\":\"https:\\\/\\\/lag-selbsthilfe-sachsen.de\\\/ls\\\/konferenz-ueber-beduerfnisse-von-menschen-mit-behinderungen\\\/#primaryimage\"},\"thumbnailUrl\":\"https:\\\/\\\/lag-selbsthilfe-sachsen.de\\\/wp-content\\\/uploads\\\/2021\\\/04\\\/AdobeStock_57410972-scaled-e1751456387558.jpeg\",\"datePublished\":\"2025-05-26T11:35:58+00:00\",\"dateModified\":\"2025-07-02T11:39:53+00:00\",\"author\":{\"@id\":\"https:\\\/\\\/lag-selbsthilfe-sachsen.de\\\/ls\\\/#\\\/schema\\\/person\\\/7af3954e2b148aadcfd0647e37a10f39\"},\"breadcrumb\":{\"@id\":\"https:\\\/\\\/lag-selbsthilfe-sachsen.de\\\/ls\\\/konferenz-ueber-beduerfnisse-von-menschen-mit-behinderungen\\\/#breadcrumb\"},\"inLanguage\":\"l-S\",\"potentialAction\":[{\"@type\":\"ReadAction\",\"target\":[\"https:\\\/\\\/lag-selbsthilfe-sachsen.de\\\/ls\\\/konferenz-ueber-beduerfnisse-von-menschen-mit-behinderungen\\\/\"]}]},{\"@type\":\"ImageObject\",\"inLanguage\":\"l-S\",\"@id\":\"https:\\\/\\\/lag-selbsthilfe-sachsen.de\\\/ls\\\/konferenz-ueber-beduerfnisse-von-menschen-mit-behinderungen\\\/#primaryimage\",\"url\":\"https:\\\/\\\/lag-selbsthilfe-sachsen.de\\\/wp-content\\\/uploads\\\/2021\\\/04\\\/AdobeStock_57410972-scaled-e1751456387558.jpeg\",\"contentUrl\":\"https:\\\/\\\/lag-selbsthilfe-sachsen.de\\\/wp-content\\\/uploads\\\/2021\\\/04\\\/AdobeStock_57410972-scaled-e1751456387558.jpeg\",\"width\":800,\"height\":531},{\"@type\":\"BreadcrumbList\",\"@id\":\"https:\\\/\\\/lag-selbsthilfe-sachsen.de\\\/ls\\\/konferenz-ueber-beduerfnisse-von-menschen-mit-behinderungen\\\/#breadcrumb\",\"itemListElement\":[{\"@type\":\"ListItem\",\"position\":1,\"name\":\"Startseite\",\"item\":\"https:\\\/\\\/lag-selbsthilfe-sachsen.de\\\/ls\\\/\"},{\"@type\":\"ListItem\",\"position\":2,\"name\":\"Konferenz \u00fcber Bed\u00fcrfnisse von Menschen mit Behinderungen\"}]},{\"@type\":\"WebSite\",\"@id\":\"https:\\\/\\\/lag-selbsthilfe-sachsen.de\\\/ls\\\/#website\",\"url\":\"https:\\\/\\\/lag-selbsthilfe-sachsen.de\\\/ls\\\/\",\"name\":\"LAG\",\"description\":\"Landesarbeitsgemeinschaft Selbsthilfe Sachsen e.V.\",\"potentialAction\":[{\"@type\":\"SearchAction\",\"target\":{\"@type\":\"EntryPoint\",\"urlTemplate\":\"https:\\\/\\\/lag-selbsthilfe-sachsen.de\\\/ls\\\/?s={search_term_string}\"},\"query-input\":{\"@type\":\"PropertyValueSpecification\",\"valueRequired\":true,\"valueName\":\"search_term_string\"}}],\"inLanguage\":\"l-S\"},{\"@type\":\"Person\",\"@id\":\"https:\\\/\\\/lag-selbsthilfe-sachsen.de\\\/ls\\\/#\\\/schema\\\/person\\\/7af3954e2b148aadcfd0647e37a10f39\",\"name\":\"Lara Hanske\",\"url\":\"https:\\\/\\\/lag-selbsthilfe-sachsen.de\\\/ls\\\/author\\\/larahanske\\\/\"}]}<\/script>\n<!-- \/ Yoast SEO plugin. -->","yoast_head_json":{"title":"Konferenz \u00fcber Bed\u00fcrfnisse von Menschen mit Behinderungen - LAG","robots":{"index":"index","follow":"follow","max-snippet":"max-snippet:-1","max-image-preview":"max-image-preview:large","max-video-preview":"max-video-preview:-1"},"canonical":"https:\/\/lag-selbsthilfe-sachsen.de\/ls\/konferenz-ueber-beduerfnisse-von-menschen-mit-behinderungen\/","og_locale":"en_US","og_type":"article","og_title":"Konferenz \u00fcber Bed\u00fcrfnisse von Menschen mit Behinderungen - LAG","og_description":"Die Behinderten\u00b7beauftragten in Deutschland fordern mehr Teil\u00b7habe von Menschen mit Behinderungen Im Mai gab es in Mainz eine Konferenz \u00fcber die Bed\u00fcrfnisse von Menschen mit Behinderung. Daran nahmen verschiedene Gruppen teil: Vertreter aus Bund und L\u00e4ndern die Bundes\u00b7arbeits\u00b7gemeinschaft Rehabilitation das deutsche Institut f\u00fcr Menschen\u00b7rechte Bei der Konferenz ging es vor allem um die Teil\u00b7habe von","og_url":"https:\/\/lag-selbsthilfe-sachsen.de\/ls\/konferenz-ueber-beduerfnisse-von-menschen-mit-behinderungen\/","og_site_name":"LAG","article_published_time":"2025-05-26T11:35:58+00:00","article_modified_time":"2025-07-02T11:39:53+00:00","og_image":[{"width":800,"height":531,"url":"https:\/\/lag-selbsthilfe-sachsen.de\/wp-content\/uploads\/2021\/04\/AdobeStock_57410972-scaled-e1751456387558.jpeg","type":"image\/jpeg"}],"author":"Lara Hanske","twitter_card":"summary_large_image","twitter_misc":{"Written by":"Lara Hanske","Est. reading time":"2 minutes"},"schema":{"@context":"https:\/\/schema.org","@graph":[{"@type":"Article","@id":"https:\/\/lag-selbsthilfe-sachsen.de\/ls\/konferenz-ueber-beduerfnisse-von-menschen-mit-behinderungen\/#article","isPartOf":{"@id":"https:\/\/lag-selbsthilfe-sachsen.de\/ls\/konferenz-ueber-beduerfnisse-von-menschen-mit-behinderungen\/"},"author":{"name":"Lara Hanske","@id":"https:\/\/lag-selbsthilfe-sachsen.de\/ls\/#\/schema\/person\/7af3954e2b148aadcfd0647e37a10f39"},"headline":"Konferenz \u00fcber Bed\u00fcrfnisse von Menschen mit Behinderungen","datePublished":"2025-05-26T11:35:58+00:00","dateModified":"2025-07-02T11:39:53+00:00","mainEntityOfPage":{"@id":"https:\/\/lag-selbsthilfe-sachsen.de\/ls\/konferenz-ueber-beduerfnisse-von-menschen-mit-behinderungen\/"},"wordCount":254,"image":{"@id":"https:\/\/lag-selbsthilfe-sachsen.de\/ls\/konferenz-ueber-beduerfnisse-von-menschen-mit-behinderungen\/#primaryimage"},"thumbnailUrl":"https:\/\/lag-selbsthilfe-sachsen.de\/wp-content\/uploads\/2021\/04\/AdobeStock_57410972-scaled-e1751456387558.jpeg","articleSection":["Uncategorized @ls"],"inLanguage":"l-S"},{"@type":"WebPage","@id":"https:\/\/lag-selbsthilfe-sachsen.de\/ls\/konferenz-ueber-beduerfnisse-von-menschen-mit-behinderungen\/","url":"https:\/\/lag-selbsthilfe-sachsen.de\/ls\/konferenz-ueber-beduerfnisse-von-menschen-mit-behinderungen\/","name":"Konferenz \u00fcber Bed\u00fcrfnisse von Menschen mit Behinderungen - LAG","isPartOf":{"@id":"https:\/\/lag-selbsthilfe-sachsen.de\/ls\/#website"},"primaryImageOfPage":{"@id":"https:\/\/lag-selbsthilfe-sachsen.de\/ls\/konferenz-ueber-beduerfnisse-von-menschen-mit-behinderungen\/#primaryimage"},"image":{"@id":"https:\/\/lag-selbsthilfe-sachsen.de\/ls\/konferenz-ueber-beduerfnisse-von-menschen-mit-behinderungen\/#primaryimage"},"thumbnailUrl":"https:\/\/lag-selbsthilfe-sachsen.de\/wp-content\/uploads\/2021\/04\/AdobeStock_57410972-scaled-e1751456387558.jpeg","datePublished":"2025-05-26T11:35:58+00:00","dateModified":"2025-07-02T11:39:53+00:00","author":{"@id":"https:\/\/lag-selbsthilfe-sachsen.de\/ls\/#\/schema\/person\/7af3954e2b148aadcfd0647e37a10f39"},"breadcrumb":{"@id":"https:\/\/lag-selbsthilfe-sachsen.de\/ls\/konferenz-ueber-beduerfnisse-von-menschen-mit-behinderungen\/#breadcrumb"},"inLanguage":"l-S","potentialAction":[{"@type":"ReadAction","target":["https:\/\/lag-selbsthilfe-sachsen.de\/ls\/konferenz-ueber-beduerfnisse-von-menschen-mit-behinderungen\/"]}]},{"@type":"ImageObject","inLanguage":"l-S","@id":"https:\/\/lag-selbsthilfe-sachsen.de\/ls\/konferenz-ueber-beduerfnisse-von-menschen-mit-behinderungen\/#primaryimage","url":"https:\/\/lag-selbsthilfe-sachsen.de\/wp-content\/uploads\/2021\/04\/AdobeStock_57410972-scaled-e1751456387558.jpeg","contentUrl":"https:\/\/lag-selbsthilfe-sachsen.de\/wp-content\/uploads\/2021\/04\/AdobeStock_57410972-scaled-e1751456387558.jpeg","width":800,"height":531},{"@type":"BreadcrumbList","@id":"https:\/\/lag-selbsthilfe-sachsen.de\/ls\/konferenz-ueber-beduerfnisse-von-menschen-mit-behinderungen\/#breadcrumb","itemListElement":[{"@type":"ListItem","position":1,"name":"Startseite","item":"https:\/\/lag-selbsthilfe-sachsen.de\/ls\/"},{"@type":"ListItem","position":2,"name":"Konferenz \u00fcber Bed\u00fcrfnisse von Menschen mit Behinderungen"}]},{"@type":"WebSite","@id":"https:\/\/lag-selbsthilfe-sachsen.de\/ls\/#website","url":"https:\/\/lag-selbsthilfe-sachsen.de\/ls\/","name":"LAG","description":"Landesarbeitsgemeinschaft Selbsthilfe Sachsen e.V.","potentialAction":[{"@type":"SearchAction","target":{"@type":"EntryPoint","urlTemplate":"https:\/\/lag-selbsthilfe-sachsen.de\/ls\/?s={search_term_string}"},"query-input":{"@type":"PropertyValueSpecification","valueRequired":true,"valueName":"search_term_string"}}],"inLanguage":"l-S"},{"@type":"Person","@id":"https:\/\/lag-selbsthilfe-sachsen.de\/ls\/#\/schema\/person\/7af3954e2b148aadcfd0647e37a10f39","name":"Lara Hanske","url":"https:\/\/lag-selbsthilfe-sachsen.de\/ls\/author\/larahanske\/"}]}},"_links":{"self":[{"href":"https:\/\/lag-selbsthilfe-sachsen.de\/ls\/wp-json\/wp\/v2\/posts\/10852","targetHints":{"allow":["GET"]}}],"collection":[{"href":"https:\/\/lag-selbsthilfe-sachsen.de\/ls\/wp-json\/wp\/v2\/posts"}],"about":[{"href":"https:\/\/lag-selbsthilfe-sachsen.de\/ls\/wp-json\/wp\/v2\/types\/post"}],"author":[{"embeddable":true,"href":"https:\/\/lag-selbsthilfe-sachsen.de\/ls\/wp-json\/wp\/v2\/users\/7"}],"replies":[{"embeddable":true,"href":"https:\/\/lag-selbsthilfe-sachsen.de\/ls\/wp-json\/wp\/v2\/comments?post=10852"}],"version-history":[{"count":2,"href":"https:\/\/lag-selbsthilfe-sachsen.de\/ls\/wp-json\/wp\/v2\/posts\/10852\/revisions"}],"predecessor-version":[{"id":10854,"href":"https:\/\/lag-selbsthilfe-sachsen.de\/ls\/wp-json\/wp\/v2\/posts\/10852\/revisions\/10854"}],"wp:featuredmedia":[{"embeddable":true,"href":"https:\/\/lag-selbsthilfe-sachsen.de\/ls\/wp-json\/wp\/v2\/media\/4494"}],"wp:attachment":[{"href":"https:\/\/lag-selbsthilfe-sachsen.de\/ls\/wp-json\/wp\/v2\/media?parent=10852"}],"wp:term":[{"taxonomy":"category","embeddable":true,"href":"https:\/\/lag-selbsthilfe-sachsen.de\/ls\/wp-json\/wp\/v2\/categories?post=10852"},{"taxonomy":"post_tag","embeddable":true,"href":"https:\/\/lag-selbsthilfe-sachsen.de\/ls\/wp-json\/wp\/v2\/tags?post=10852"}],"curies":[{"name":"wp","href":"https:\/\/api.w.org\/{rel}","templated":true}]}}