{"id":10983,"date":"2025-08-04T12:49:15","date_gmt":"2025-08-04T10:49:15","guid":{"rendered":"https:\/\/lag-selbsthilfe-sachsen.de\/so-gelingt-teil%c2%b7habe-in-staedten-und-doerfern\/"},"modified":"2025-08-05T09:41:29","modified_gmt":"2025-08-05T07:41:29","slug":"so-gelingt-teil%c2%b7habe-in-staedten-und-doerfern","status":"publish","type":"post","link":"https:\/\/lag-selbsthilfe-sachsen.de\/ls\/so-gelingt-teil%c2%b7habe-in-staedten-und-doerfern\/","title":{"rendered":"So gelingt Teil\u00b7habe in St\u00e4dten und D\u00f6rfern"},"content":{"rendered":"<p>Die Vereinten Nationen sind eine gro\u00dfe Organisation mit fast allen L\u00e4ndern der Welt.<br \/>\nVor vielen Jahren haben sie einen Vertrag gemacht.<br \/>\nIm Vertrag steht:<br \/>\n&#8211; Behinderte sollen \u00fcberall mitmachen k\u00f6nnen.<br \/>\n&#8211; In Wohnungen, \u00c4mtern und Schulen soll es <strong>keine<\/strong> Barrieren f\u00fcr sie geben.<br \/>\n&#8211; Behinderte sollen die gleichen Rechte haben wie alle anderen.<br \/>\nAuch Deutschland hat den Vertrag unterschrieben.<br \/>\nAber es h\u00e4lt sich nicht in allen St\u00e4dten und D\u00f6rfern daran.<br \/>\nDieses Problem wird von Wissenschaftlern in einem Projekt untersucht.<br \/>\nDas Deutsche Institut f\u00fcr Menschen\u00b7rechte und die Universit\u00e4t in Siegen f\u00fchren das Projekt durch.<br \/>\nVor Kurzem wurden die Ergebnisse vor Zeitungs\u00b7mitarbeitern genannt.<br \/>\nSie stehen auch auf der Website des Deutschen Instituts f\u00fcr Menschen\u00b7rechte.<\/p>\n<p>Einer der Teilnehmer war <strong>Leander Palleit<\/strong>.<br \/>\nEr \u00fcber\u00b7wacht f\u00fcr das Deutsche Institut f\u00fcr Menschen\u00b7rechte die Umsetzung von dem Vertrag.<br \/>\nEr sagte:<br \/>\n&#8211; Die St\u00e4dte und D\u00f6rfer sind besonders wichtig f\u00fcr die Teil\u00b7habe von behinderten Menschen.<br \/>\n&#8211; Deshalb m\u00fcssen Bereiche wie Bildung und Wohnen inklusiv sein.<br \/>\n&#8211; Das Projekt zeigt:<br \/>\nDas ist m\u00f6glich.<br \/>\nEs muss gut geplant sein.<br \/>\nDie Politiker m\u00fcssen es wollen.<br \/>\n&#8211; Gesetze auf verschiedenen Ebenen verpflichten Deutschland zur Umsetzung.<br \/>\n&#8211; Die Umsetzung ist nicht nur eine M\u00f6glichkeit.<br \/>\n&#8211; Sie erleichtert vielen Menschen den Alltag.<br \/>\n&#8211; Sie wird immer wichtiger.<\/p>\n<p>Ein weiterer Teil\u00b7nehmer war <strong>Albrecht Rohrmann<\/strong>.<br \/>\nEr spricht f\u00fcr die Universit\u00e4t Siegen.<br \/>\nEr sagte:<br \/>\n&#8211; Bisher haben viel zu wenig St\u00e4dte und D\u00f6rfer die Planung fertig.<br \/>\n&#8211; Investitionen m\u00fcssen mit System vorab geplant werden.<br \/>\n&#8211; Eine sp\u00e4tere Anpassung w\u00e4re viel teurer.<br \/>\n&#8211; Es muss genug Mitarbeiter und Geld geben.<br \/>\n&#8211; Es m\u00fcssen Menschen Behinderungen mitmachen.<\/p>\n<p><strong>Manuela Scharf<\/strong> war auch bei dem Projekt dabei.<br \/>\nSie arbeitet in Dresden als Beauftragte f\u00fcr Menschen mit Behinderungen und \u00e4ltere Menschen.<br \/>\nSie sagte:<br \/>\n&#8211; Durch die Aktions\u00b7pl\u00e4ne konnten positive Ergebnisse erzielt werden.<br \/>\n&#8211; In Dresden gibt es aber keine gezielte Strategie.<br \/>\n&#8211; Vor allem bei alten und besonders gesch\u00fctzten Geb\u00e4uden ist die Barriere\u00b7freiheit schwer zu erreichen.<br \/>\n&#8211; In Dresden waren behinderte Menschen sehr engagiert.<br \/>\nDeshalb gab es eine gute Zusammen\u00b7arbeit mit der Stadt.<br \/>\nSo konnte der Aktions\u00b7plan schon vor Jahren gemacht werden.<br \/>\nDaf\u00fcr m\u00fcssen Menschen in der Verwaltung sensibilisiert werden.<br \/>\nSie m\u00fcssen mit dem Thema mehr in Kontakt gebracht werden.<br \/>\nDaf\u00fcr ist eine finanzielle F\u00f6rderung von dem Bundes\u00b7land Sachsen n\u00f6tig.<\/p>\n<p>Die Ergebnisse sind auch auf der Website des Deutschen Instituts f\u00fcr Menschen\u00b7rechte.<br \/>\nHier gibt es auch Tipps und Beispiele f\u00fcr Planung und Durch\u00b7f\u00fchrung von Projekten.<br \/>\n\u00dcber diesen Link geht es zu\u00a0<a href=\"https:\/\/www.institut-fuer-menschenrechte.de\/themen\/rechte-von-menschen-mit-behinderungen\/un-behindertenrechtskonvention-trifft-kommune\">mehr Informationen zum Projekt<\/a><\/p>\n<p><a href=\"https:\/\/www.institut-fuer-menschenrechte.de\/fileadmin\/Redaktion\/PDF\/UN-BRK_kommunal\/Factsheet_Kommunale_Umsetzung_der_UN-Behindertenrechtskonvention_Zentrale_Ergebnisse.pdf\">Zusammen\u00b7fassung<\/a>: Die wichtigsten Forschungs\u00b7ergebnisse im \u00dcberblick<\/p>\n<p>So gelingt Inklusion in Deutschland \u2013\u00a0<a href=\"https:\/\/www.institut-fuer-menschenrechte.de\/im-fokus\/wie-inklusion-in-deutschen-kommunen-gelingen-kann\">ein Interview<\/a><\/p>\n","protected":false},"excerpt":{"rendered":"<p>Die Vereinten Nationen sind eine gro\u00dfe Organisation mit fast allen L\u00e4ndern der Welt. Vor vielen Jahren haben sie einen Vertrag gemacht. Im Vertrag steht: &#8211; Behinderte sollen \u00fcberall mitmachen k\u00f6nnen. &#8211; In Wohnungen, \u00c4mtern und Schulen soll es keine Barrieren f\u00fcr sie geben. &#8211; Behinderte sollen die gleichen Rechte haben wie alle anderen. Auch Deutschland<\/p>\n","protected":false},"author":7,"featured_media":10830,"comment_status":"closed","ping_status":"open","sticky":true,"template":"","format":"standard","meta":{"_acf_changed":false,"footnotes":""},"categories":[51],"tags":[],"class_list":["post-10983","post","type-post","status-publish","format-standard","has-post-thumbnail","hentry","category-uncategorized-ls"],"acf":[],"yoast_head":"<!-- This site is optimized with the Yoast SEO plugin v27.3 - https:\/\/yoast.com\/product\/yoast-seo-wordpress\/ -->\n<title>So gelingt Teil\u00b7habe in St\u00e4dten und D\u00f6rfern - LAG<\/title>\n<meta name=\"robots\" content=\"index, follow, max-snippet:-1, max-image-preview:large, max-video-preview:-1\" \/>\n<link rel=\"canonical\" href=\"https:\/\/lag-selbsthilfe-sachsen.de\/ls\/so-gelingt-teil%c2%b7habe-in-staedten-und-doerfern\/\" \/>\n<meta property=\"og:locale\" content=\"en_US\" \/>\n<meta property=\"og:type\" content=\"article\" \/>\n<meta property=\"og:title\" content=\"So gelingt Teil\u00b7habe in St\u00e4dten und D\u00f6rfern - LAG\" \/>\n<meta property=\"og:description\" content=\"Die Vereinten Nationen sind eine gro\u00dfe Organisation mit fast allen L\u00e4ndern der Welt. Vor vielen Jahren haben sie einen Vertrag gemacht. Im Vertrag steht: &#8211; Behinderte sollen \u00fcberall mitmachen k\u00f6nnen. &#8211; In Wohnungen, \u00c4mtern und Schulen soll es keine Barrieren f\u00fcr sie geben. &#8211; Behinderte sollen die gleichen Rechte haben wie alle anderen. Auch Deutschland\" \/>\n<meta property=\"og:url\" content=\"https:\/\/lag-selbsthilfe-sachsen.de\/ls\/so-gelingt-teil%c2%b7habe-in-staedten-und-doerfern\/\" \/>\n<meta property=\"og:site_name\" content=\"LAG\" \/>\n<meta property=\"article:published_time\" content=\"2025-08-04T10:49:15+00:00\" \/>\n<meta property=\"article:modified_time\" content=\"2025-08-05T07:41:29+00:00\" \/>\n<meta property=\"og:image\" content=\"https:\/\/lag-selbsthilfe-sachsen.de\/wp-content\/uploads\/2025\/06\/Dt-Inst-Menschenrechte.jpg\" \/>\n\t<meta property=\"og:image:width\" content=\"517\" \/>\n\t<meta property=\"og:image:height\" content=\"206\" \/>\n\t<meta property=\"og:image:type\" content=\"image\/jpeg\" \/>\n<meta name=\"author\" content=\"Lara Hanske\" \/>\n<meta name=\"twitter:card\" content=\"summary_large_image\" \/>\n<meta name=\"twitter:label1\" content=\"Written by\" \/>\n\t<meta name=\"twitter:data1\" content=\"Lara Hanske\" \/>\n\t<meta name=\"twitter:label2\" content=\"Est. reading time\" \/>\n\t<meta name=\"twitter:data2\" content=\"3 minutes\" \/>\n<script type=\"application\/ld+json\" class=\"yoast-schema-graph\">{\"@context\":\"https:\\\/\\\/schema.org\",\"@graph\":[{\"@type\":\"Article\",\"@id\":\"https:\\\/\\\/lag-selbsthilfe-sachsen.de\\\/ls\\\/so-gelingt-teil%c2%b7habe-in-staedten-und-doerfern\\\/#article\",\"isPartOf\":{\"@id\":\"https:\\\/\\\/lag-selbsthilfe-sachsen.de\\\/ls\\\/so-gelingt-teil%c2%b7habe-in-staedten-und-doerfern\\\/\"},\"author\":{\"name\":\"Lara Hanske\",\"@id\":\"https:\\\/\\\/lag-selbsthilfe-sachsen.de\\\/ls\\\/#\\\/schema\\\/person\\\/7af3954e2b148aadcfd0647e37a10f39\"},\"headline\":\"So gelingt Teil\u00b7habe in St\u00e4dten und D\u00f6rfern\",\"datePublished\":\"2025-08-04T10:49:15+00:00\",\"dateModified\":\"2025-08-05T07:41:29+00:00\",\"mainEntityOfPage\":{\"@id\":\"https:\\\/\\\/lag-selbsthilfe-sachsen.de\\\/ls\\\/so-gelingt-teil%c2%b7habe-in-staedten-und-doerfern\\\/\"},\"wordCount\":483,\"image\":{\"@id\":\"https:\\\/\\\/lag-selbsthilfe-sachsen.de\\\/ls\\\/so-gelingt-teil%c2%b7habe-in-staedten-und-doerfern\\\/#primaryimage\"},\"thumbnailUrl\":\"https:\\\/\\\/lag-selbsthilfe-sachsen.de\\\/wp-content\\\/uploads\\\/2025\\\/06\\\/Dt-Inst-Menschenrechte.jpg\",\"articleSection\":[\"Uncategorized @ls\"],\"inLanguage\":\"l-S\"},{\"@type\":\"WebPage\",\"@id\":\"https:\\\/\\\/lag-selbsthilfe-sachsen.de\\\/ls\\\/so-gelingt-teil%c2%b7habe-in-staedten-und-doerfern\\\/\",\"url\":\"https:\\\/\\\/lag-selbsthilfe-sachsen.de\\\/ls\\\/so-gelingt-teil%c2%b7habe-in-staedten-und-doerfern\\\/\",\"name\":\"So gelingt Teil\u00b7habe in St\u00e4dten und D\u00f6rfern - LAG\",\"isPartOf\":{\"@id\":\"https:\\\/\\\/lag-selbsthilfe-sachsen.de\\\/ls\\\/#website\"},\"primaryImageOfPage\":{\"@id\":\"https:\\\/\\\/lag-selbsthilfe-sachsen.de\\\/ls\\\/so-gelingt-teil%c2%b7habe-in-staedten-und-doerfern\\\/#primaryimage\"},\"image\":{\"@id\":\"https:\\\/\\\/lag-selbsthilfe-sachsen.de\\\/ls\\\/so-gelingt-teil%c2%b7habe-in-staedten-und-doerfern\\\/#primaryimage\"},\"thumbnailUrl\":\"https:\\\/\\\/lag-selbsthilfe-sachsen.de\\\/wp-content\\\/uploads\\\/2025\\\/06\\\/Dt-Inst-Menschenrechte.jpg\",\"datePublished\":\"2025-08-04T10:49:15+00:00\",\"dateModified\":\"2025-08-05T07:41:29+00:00\",\"author\":{\"@id\":\"https:\\\/\\\/lag-selbsthilfe-sachsen.de\\\/ls\\\/#\\\/schema\\\/person\\\/7af3954e2b148aadcfd0647e37a10f39\"},\"breadcrumb\":{\"@id\":\"https:\\\/\\\/lag-selbsthilfe-sachsen.de\\\/ls\\\/so-gelingt-teil%c2%b7habe-in-staedten-und-doerfern\\\/#breadcrumb\"},\"inLanguage\":\"l-S\",\"potentialAction\":[{\"@type\":\"ReadAction\",\"target\":[\"https:\\\/\\\/lag-selbsthilfe-sachsen.de\\\/ls\\\/so-gelingt-teil%c2%b7habe-in-staedten-und-doerfern\\\/\"]}]},{\"@type\":\"ImageObject\",\"inLanguage\":\"l-S\",\"@id\":\"https:\\\/\\\/lag-selbsthilfe-sachsen.de\\\/ls\\\/so-gelingt-teil%c2%b7habe-in-staedten-und-doerfern\\\/#primaryimage\",\"url\":\"https:\\\/\\\/lag-selbsthilfe-sachsen.de\\\/wp-content\\\/uploads\\\/2025\\\/06\\\/Dt-Inst-Menschenrechte.jpg\",\"contentUrl\":\"https:\\\/\\\/lag-selbsthilfe-sachsen.de\\\/wp-content\\\/uploads\\\/2025\\\/06\\\/Dt-Inst-Menschenrechte.jpg\",\"width\":517,\"height\":206},{\"@type\":\"BreadcrumbList\",\"@id\":\"https:\\\/\\\/lag-selbsthilfe-sachsen.de\\\/ls\\\/so-gelingt-teil%c2%b7habe-in-staedten-und-doerfern\\\/#breadcrumb\",\"itemListElement\":[{\"@type\":\"ListItem\",\"position\":1,\"name\":\"Startseite\",\"item\":\"https:\\\/\\\/lag-selbsthilfe-sachsen.de\\\/ls\\\/\"},{\"@type\":\"ListItem\",\"position\":2,\"name\":\"So gelingt Teil\u00b7habe in St\u00e4dten und D\u00f6rfern\"}]},{\"@type\":\"WebSite\",\"@id\":\"https:\\\/\\\/lag-selbsthilfe-sachsen.de\\\/ls\\\/#website\",\"url\":\"https:\\\/\\\/lag-selbsthilfe-sachsen.de\\\/ls\\\/\",\"name\":\"LAG\",\"description\":\"Landesarbeitsgemeinschaft Selbsthilfe Sachsen e.V.\",\"potentialAction\":[{\"@type\":\"SearchAction\",\"target\":{\"@type\":\"EntryPoint\",\"urlTemplate\":\"https:\\\/\\\/lag-selbsthilfe-sachsen.de\\\/ls\\\/?s={search_term_string}\"},\"query-input\":{\"@type\":\"PropertyValueSpecification\",\"valueRequired\":true,\"valueName\":\"search_term_string\"}}],\"inLanguage\":\"l-S\"},{\"@type\":\"Person\",\"@id\":\"https:\\\/\\\/lag-selbsthilfe-sachsen.de\\\/ls\\\/#\\\/schema\\\/person\\\/7af3954e2b148aadcfd0647e37a10f39\",\"name\":\"Lara Hanske\",\"url\":\"https:\\\/\\\/lag-selbsthilfe-sachsen.de\\\/ls\\\/author\\\/larahanske\\\/\"}]}<\/script>\n<!-- \/ Yoast SEO plugin. -->","yoast_head_json":{"title":"So gelingt Teil\u00b7habe in St\u00e4dten und D\u00f6rfern - LAG","robots":{"index":"index","follow":"follow","max-snippet":"max-snippet:-1","max-image-preview":"max-image-preview:large","max-video-preview":"max-video-preview:-1"},"canonical":"https:\/\/lag-selbsthilfe-sachsen.de\/ls\/so-gelingt-teil%c2%b7habe-in-staedten-und-doerfern\/","og_locale":"en_US","og_type":"article","og_title":"So gelingt Teil\u00b7habe in St\u00e4dten und D\u00f6rfern - LAG","og_description":"Die Vereinten Nationen sind eine gro\u00dfe Organisation mit fast allen L\u00e4ndern der Welt. Vor vielen Jahren haben sie einen Vertrag gemacht. Im Vertrag steht: &#8211; Behinderte sollen \u00fcberall mitmachen k\u00f6nnen. &#8211; In Wohnungen, \u00c4mtern und Schulen soll es keine Barrieren f\u00fcr sie geben. &#8211; Behinderte sollen die gleichen Rechte haben wie alle anderen. Auch Deutschland","og_url":"https:\/\/lag-selbsthilfe-sachsen.de\/ls\/so-gelingt-teil%c2%b7habe-in-staedten-und-doerfern\/","og_site_name":"LAG","article_published_time":"2025-08-04T10:49:15+00:00","article_modified_time":"2025-08-05T07:41:29+00:00","og_image":[{"width":517,"height":206,"url":"https:\/\/lag-selbsthilfe-sachsen.de\/wp-content\/uploads\/2025\/06\/Dt-Inst-Menschenrechte.jpg","type":"image\/jpeg"}],"author":"Lara Hanske","twitter_card":"summary_large_image","twitter_misc":{"Written by":"Lara Hanske","Est. reading time":"3 minutes"},"schema":{"@context":"https:\/\/schema.org","@graph":[{"@type":"Article","@id":"https:\/\/lag-selbsthilfe-sachsen.de\/ls\/so-gelingt-teil%c2%b7habe-in-staedten-und-doerfern\/#article","isPartOf":{"@id":"https:\/\/lag-selbsthilfe-sachsen.de\/ls\/so-gelingt-teil%c2%b7habe-in-staedten-und-doerfern\/"},"author":{"name":"Lara Hanske","@id":"https:\/\/lag-selbsthilfe-sachsen.de\/ls\/#\/schema\/person\/7af3954e2b148aadcfd0647e37a10f39"},"headline":"So gelingt Teil\u00b7habe in St\u00e4dten und D\u00f6rfern","datePublished":"2025-08-04T10:49:15+00:00","dateModified":"2025-08-05T07:41:29+00:00","mainEntityOfPage":{"@id":"https:\/\/lag-selbsthilfe-sachsen.de\/ls\/so-gelingt-teil%c2%b7habe-in-staedten-und-doerfern\/"},"wordCount":483,"image":{"@id":"https:\/\/lag-selbsthilfe-sachsen.de\/ls\/so-gelingt-teil%c2%b7habe-in-staedten-und-doerfern\/#primaryimage"},"thumbnailUrl":"https:\/\/lag-selbsthilfe-sachsen.de\/wp-content\/uploads\/2025\/06\/Dt-Inst-Menschenrechte.jpg","articleSection":["Uncategorized @ls"],"inLanguage":"l-S"},{"@type":"WebPage","@id":"https:\/\/lag-selbsthilfe-sachsen.de\/ls\/so-gelingt-teil%c2%b7habe-in-staedten-und-doerfern\/","url":"https:\/\/lag-selbsthilfe-sachsen.de\/ls\/so-gelingt-teil%c2%b7habe-in-staedten-und-doerfern\/","name":"So gelingt Teil\u00b7habe in St\u00e4dten und D\u00f6rfern - LAG","isPartOf":{"@id":"https:\/\/lag-selbsthilfe-sachsen.de\/ls\/#website"},"primaryImageOfPage":{"@id":"https:\/\/lag-selbsthilfe-sachsen.de\/ls\/so-gelingt-teil%c2%b7habe-in-staedten-und-doerfern\/#primaryimage"},"image":{"@id":"https:\/\/lag-selbsthilfe-sachsen.de\/ls\/so-gelingt-teil%c2%b7habe-in-staedten-und-doerfern\/#primaryimage"},"thumbnailUrl":"https:\/\/lag-selbsthilfe-sachsen.de\/wp-content\/uploads\/2025\/06\/Dt-Inst-Menschenrechte.jpg","datePublished":"2025-08-04T10:49:15+00:00","dateModified":"2025-08-05T07:41:29+00:00","author":{"@id":"https:\/\/lag-selbsthilfe-sachsen.de\/ls\/#\/schema\/person\/7af3954e2b148aadcfd0647e37a10f39"},"breadcrumb":{"@id":"https:\/\/lag-selbsthilfe-sachsen.de\/ls\/so-gelingt-teil%c2%b7habe-in-staedten-und-doerfern\/#breadcrumb"},"inLanguage":"l-S","potentialAction":[{"@type":"ReadAction","target":["https:\/\/lag-selbsthilfe-sachsen.de\/ls\/so-gelingt-teil%c2%b7habe-in-staedten-und-doerfern\/"]}]},{"@type":"ImageObject","inLanguage":"l-S","@id":"https:\/\/lag-selbsthilfe-sachsen.de\/ls\/so-gelingt-teil%c2%b7habe-in-staedten-und-doerfern\/#primaryimage","url":"https:\/\/lag-selbsthilfe-sachsen.de\/wp-content\/uploads\/2025\/06\/Dt-Inst-Menschenrechte.jpg","contentUrl":"https:\/\/lag-selbsthilfe-sachsen.de\/wp-content\/uploads\/2025\/06\/Dt-Inst-Menschenrechte.jpg","width":517,"height":206},{"@type":"BreadcrumbList","@id":"https:\/\/lag-selbsthilfe-sachsen.de\/ls\/so-gelingt-teil%c2%b7habe-in-staedten-und-doerfern\/#breadcrumb","itemListElement":[{"@type":"ListItem","position":1,"name":"Startseite","item":"https:\/\/lag-selbsthilfe-sachsen.de\/ls\/"},{"@type":"ListItem","position":2,"name":"So gelingt Teil\u00b7habe in St\u00e4dten und D\u00f6rfern"}]},{"@type":"WebSite","@id":"https:\/\/lag-selbsthilfe-sachsen.de\/ls\/#website","url":"https:\/\/lag-selbsthilfe-sachsen.de\/ls\/","name":"LAG","description":"Landesarbeitsgemeinschaft Selbsthilfe Sachsen e.V.","potentialAction":[{"@type":"SearchAction","target":{"@type":"EntryPoint","urlTemplate":"https:\/\/lag-selbsthilfe-sachsen.de\/ls\/?s={search_term_string}"},"query-input":{"@type":"PropertyValueSpecification","valueRequired":true,"valueName":"search_term_string"}}],"inLanguage":"l-S"},{"@type":"Person","@id":"https:\/\/lag-selbsthilfe-sachsen.de\/ls\/#\/schema\/person\/7af3954e2b148aadcfd0647e37a10f39","name":"Lara Hanske","url":"https:\/\/lag-selbsthilfe-sachsen.de\/ls\/author\/larahanske\/"}]}},"_links":{"self":[{"href":"https:\/\/lag-selbsthilfe-sachsen.de\/ls\/wp-json\/wp\/v2\/posts\/10983","targetHints":{"allow":["GET"]}}],"collection":[{"href":"https:\/\/lag-selbsthilfe-sachsen.de\/ls\/wp-json\/wp\/v2\/posts"}],"about":[{"href":"https:\/\/lag-selbsthilfe-sachsen.de\/ls\/wp-json\/wp\/v2\/types\/post"}],"author":[{"embeddable":true,"href":"https:\/\/lag-selbsthilfe-sachsen.de\/ls\/wp-json\/wp\/v2\/users\/7"}],"replies":[{"embeddable":true,"href":"https:\/\/lag-selbsthilfe-sachsen.de\/ls\/wp-json\/wp\/v2\/comments?post=10983"}],"version-history":[{"count":1,"href":"https:\/\/lag-selbsthilfe-sachsen.de\/ls\/wp-json\/wp\/v2\/posts\/10983\/revisions"}],"predecessor-version":[{"id":11001,"href":"https:\/\/lag-selbsthilfe-sachsen.de\/ls\/wp-json\/wp\/v2\/posts\/10983\/revisions\/11001"}],"wp:featuredmedia":[{"embeddable":true,"href":"https:\/\/lag-selbsthilfe-sachsen.de\/ls\/wp-json\/wp\/v2\/media\/10830"}],"wp:attachment":[{"href":"https:\/\/lag-selbsthilfe-sachsen.de\/ls\/wp-json\/wp\/v2\/media?parent=10983"}],"wp:term":[{"taxonomy":"category","embeddable":true,"href":"https:\/\/lag-selbsthilfe-sachsen.de\/ls\/wp-json\/wp\/v2\/categories?post=10983"},{"taxonomy":"post_tag","embeddable":true,"href":"https:\/\/lag-selbsthilfe-sachsen.de\/ls\/wp-json\/wp\/v2\/tags?post=10983"}],"curies":[{"name":"wp","href":"https:\/\/api.w.org\/{rel}","templated":true}]}}