{"id":11288,"date":"2025-10-28T09:44:44","date_gmt":"2025-10-28T08:44:44","guid":{"rendered":"https:\/\/lag-selbsthilfe-sachsen.de\/menschen-mit-demenz-vor-hitze-schuetzen\/"},"modified":"2025-10-28T09:44:44","modified_gmt":"2025-10-28T08:44:44","slug":"menschen-mit-demenz-vor-hitze-schuetzen","status":"publish","type":"post","link":"https:\/\/lag-selbsthilfe-sachsen.de\/ls\/menschen-mit-demenz-vor-hitze-schuetzen\/","title":{"rendered":"Menschen mit Demenz vor Hitze sch\u00fctzen"},"content":{"rendered":"<p>Menschen mit Demenz sind sehr anf\u00e4llig f\u00fcr Hitze.<\/p>\n<p>Sie k\u00f6nnen schlecht auf Hitze reagieren.<\/p>\n<p>Hitze kann eine Not\u00b7situation werden.<\/p>\n<p>Wenn sie zu wenig trinken.<\/p>\n<p>Oder wenn sie schlecht sprechen k\u00f6nnen.<\/p>\n<p>Dann muss oft ein Arzt kommen. \ud83d\ude91<\/p>\n<p>&nbsp;<\/p>\n<p><strong>Warum Hitze gef\u00e4hrlich ist:\u00a0<\/strong><\/p>\n<p>Menschen mit Demenz haben ein hohes Risiko:<\/p>\n<ul>\n<li>\u00dcberhitzung: Der K\u00f6rper wird zu hei\u00df.<\/li>\n<li>Hitzschlag: Der K\u00f6rper wird lebens\u00b7gef\u00e4hrlich hei\u00df.<\/li>\n<li>Dehydration: Der K\u00f6rper hat zu wenig Wasser.<\/li>\n<\/ul>\n<p>&nbsp;<\/p>\n<p><strong>Gr\u00fcnde, warum Menschen mit Demenz leiden:\u00a0<\/strong><\/p>\n<p><strong>Wasser\u00b7mangel<\/strong><\/p>\n<p>Sie vergessen oft zu trinken.<\/p>\n<p>Schwitzen verbraucht Wasser im K\u00f6rper.<\/p>\n<p>Dann ist zu wenig Wasser im K\u00f6rper.<\/p>\n<p>Das Blut flie\u00dft dann schw\u00e4cher durch den K\u00f6rper.<\/p>\n<p>Das sind die Folgen:<\/p>\n<ul>\n<li>Schwindel<\/li>\n<li>Verwirrung<\/li>\n<li>Hitze\u00b7schlag<\/li>\n<\/ul>\n<p>&nbsp;<\/p>\n<p><strong>Verwirrung\u00a0<\/strong><\/p>\n<p>Viele Menschen mit Demenz kennen die Gefahr durch Hitze nicht.<\/p>\n<p>Sie gehen nicht in den Schatten.<\/p>\n<p>Sie trinken nicht genug Wasser.<\/p>\n<p>Wenn die Demenz lange besteht, wird Sprechen schwerer.<\/p>\n<p>Andere Menschen merken die Folgen nicht.<\/p>\n<p>&nbsp;<\/p>\n<p><strong>Viel laufen wollen und den Weg nicht finden<\/strong><\/p>\n<p>Menschen mit Demenz laufen oft weg.<\/p>\n<p>Durch die Verwirrung gehen sie schnell verloren.<\/p>\n<p>Sie sind dann hilflos in der Hitze.<\/p>\n<p>&nbsp;<\/p>\n<p><strong>Kaputte Temperatur\u00b7anpassung<\/strong><\/p>\n<p>Im Alter passt sich der K\u00f6rper schlechter an.<\/p>\n<p>Bei K\u00e4lte kann der K\u00f6rper sich schlecht erw\u00e4rmen.<\/p>\n<p>Bei Hitze kann der K\u00f6rper sich schlecht k\u00fchlen.<\/p>\n<p>&nbsp;<\/p>\n<p><strong>Wichtige Tipps f\u00fcr den Alltag<\/strong><\/p>\n<ul>\n<li>Viel trinken. \ud83e\udd5b<\/li>\n<li>Von 10 Uhr bis 17 Uhr zu Hause bleiben.<\/li>\n<li>Weglaufen verhindern.<\/li>\n<li>Ortungs\u00b7ger\u00e4te oder Adresse an die Kleidung n\u00e4hen.<\/li>\n<li>Regelm\u00e4\u00dfig anrufen. \ud83d\udcde<\/li>\n<\/ul>\n<p>\u26a0\ufe0fWarnungen Ernst nehmen:<\/p>\n<ul>\n<li>Verwirrtheit<\/li>\n<li>\u00dcbelkeit<\/li>\n<li>trockene Haut<\/li>\n<li>oder starkes Schwitzen.<\/li>\n<\/ul>\n<p>&nbsp;<\/p>\n<p>Teilnahme an Online Studie<\/p>\n<p>Untersucht wird \u201cBrain fog\u201d.<\/p>\n<p>Das ist ein englisches Wort.<\/p>\n<p>Es beschreibt ein Gef\u00fchl:<\/p>\n<p>Als w\u00e4re das Gehirn im Nebel.<\/p>\n<p>&nbsp;<\/p>\n<p>Menschen mit \u201cBrain fog\u201d leiden unter:<\/p>\n<ul>\n<li>Man f\u00fchlt sich wie im Nebel.<\/li>\n<li>Man versteht Dinge schlecht.<\/li>\n<li>Gedanken sind langsamer.<\/li>\n<li>W\u00f6rter oder Erinnerungen fehlen.<\/li>\n<li>Man ist leichter verwirrt oder m\u00fcde.<\/li>\n<\/ul>\n<p>&nbsp;<\/p>\n<p>Es wurde bisher wenig geforscht.<\/p>\n<p>Das soll sich \u00e4ndern.<\/p>\n<p>Mit deiner Hilfe.<\/p>\n<p>Wenn du an \u201cBrain fog\u201d leidest.<\/p>\n<p>Die Umfrage dauert 10 Minuten.<\/p>\n<p>&nbsp;<\/p>\n","protected":false},"excerpt":{"rendered":"<p>Menschen mit Demenz sind sehr anf\u00e4llig f\u00fcr Hitze. Sie k\u00f6nnen schlecht auf Hitze reagieren. Hitze kann eine Not\u00b7situation werden. Wenn sie zu wenig trinken. Oder wenn sie schlecht sprechen k\u00f6nnen. Dann muss oft ein Arzt kommen. \ud83d\ude91 &nbsp; Warum Hitze gef\u00e4hrlich ist:\u00a0 Menschen mit Demenz haben ein hohes Risiko: \u00dcberhitzung: Der K\u00f6rper wird zu hei\u00df.<\/p>\n","protected":false},"author":7,"featured_media":0,"comment_status":"closed","ping_status":"open","sticky":false,"template":"","format":"standard","meta":{"_acf_changed":false,"footnotes":""},"categories":[51],"tags":[],"class_list":["post-11288","post","type-post","status-publish","format-standard","hentry","category-uncategorized-ls"],"acf":[],"yoast_head":"<!-- This site is optimized with the Yoast SEO plugin v27.3 - https:\/\/yoast.com\/product\/yoast-seo-wordpress\/ -->\n<title>Menschen mit Demenz vor Hitze sch\u00fctzen - LAG<\/title>\n<meta name=\"robots\" content=\"index, follow, max-snippet:-1, max-image-preview:large, max-video-preview:-1\" \/>\n<link rel=\"canonical\" href=\"https:\/\/lag-selbsthilfe-sachsen.de\/ls\/menschen-mit-demenz-vor-hitze-schuetzen\/\" \/>\n<meta property=\"og:locale\" content=\"en_US\" \/>\n<meta property=\"og:type\" content=\"article\" \/>\n<meta property=\"og:title\" content=\"Menschen mit Demenz vor Hitze sch\u00fctzen - LAG\" \/>\n<meta property=\"og:description\" content=\"Menschen mit Demenz sind sehr anf\u00e4llig f\u00fcr Hitze. Sie k\u00f6nnen schlecht auf Hitze reagieren. Hitze kann eine Not\u00b7situation werden. Wenn sie zu wenig trinken. Oder wenn sie schlecht sprechen k\u00f6nnen. Dann muss oft ein Arzt kommen. \ud83d\ude91 &nbsp; Warum Hitze gef\u00e4hrlich ist:\u00a0 Menschen mit Demenz haben ein hohes Risiko: \u00dcberhitzung: Der K\u00f6rper wird zu hei\u00df.\" \/>\n<meta property=\"og:url\" content=\"https:\/\/lag-selbsthilfe-sachsen.de\/ls\/menschen-mit-demenz-vor-hitze-schuetzen\/\" \/>\n<meta property=\"og:site_name\" content=\"LAG\" \/>\n<meta property=\"article:published_time\" content=\"2025-10-28T08:44:44+00:00\" \/>\n<meta property=\"og:image\" content=\"https:\/\/lag-selbsthilfe-sachsen.de\/wp-content\/uploads\/2021\/04\/facebook.png\" \/>\n\t<meta property=\"og:image:width\" content=\"1367\" \/>\n\t<meta property=\"og:image:height\" content=\"796\" \/>\n\t<meta property=\"og:image:type\" content=\"image\/png\" \/>\n<meta name=\"author\" content=\"Lara Hanske\" \/>\n<meta name=\"twitter:card\" content=\"summary_large_image\" \/>\n<meta name=\"twitter:label1\" content=\"Written by\" \/>\n\t<meta name=\"twitter:data1\" content=\"Lara Hanske\" \/>\n\t<meta name=\"twitter:label2\" content=\"Est. reading time\" \/>\n\t<meta name=\"twitter:data2\" content=\"2 minutes\" \/>\n<script type=\"application\/ld+json\" class=\"yoast-schema-graph\">{\"@context\":\"https:\\\/\\\/schema.org\",\"@graph\":[{\"@type\":\"Article\",\"@id\":\"https:\\\/\\\/lag-selbsthilfe-sachsen.de\\\/ls\\\/menschen-mit-demenz-vor-hitze-schuetzen\\\/#article\",\"isPartOf\":{\"@id\":\"https:\\\/\\\/lag-selbsthilfe-sachsen.de\\\/ls\\\/menschen-mit-demenz-vor-hitze-schuetzen\\\/\"},\"author\":{\"name\":\"Lara Hanske\",\"@id\":\"https:\\\/\\\/lag-selbsthilfe-sachsen.de\\\/ls\\\/#\\\/schema\\\/person\\\/7af3954e2b148aadcfd0647e37a10f39\"},\"headline\":\"Menschen mit Demenz vor Hitze sch\u00fctzen\",\"datePublished\":\"2025-10-28T08:44:44+00:00\",\"mainEntityOfPage\":{\"@id\":\"https:\\\/\\\/lag-selbsthilfe-sachsen.de\\\/ls\\\/menschen-mit-demenz-vor-hitze-schuetzen\\\/\"},\"wordCount\":357,\"articleSection\":[\"Uncategorized @ls\"],\"inLanguage\":\"l-S\"},{\"@type\":\"WebPage\",\"@id\":\"https:\\\/\\\/lag-selbsthilfe-sachsen.de\\\/ls\\\/menschen-mit-demenz-vor-hitze-schuetzen\\\/\",\"url\":\"https:\\\/\\\/lag-selbsthilfe-sachsen.de\\\/ls\\\/menschen-mit-demenz-vor-hitze-schuetzen\\\/\",\"name\":\"Menschen mit Demenz vor Hitze sch\u00fctzen - LAG\",\"isPartOf\":{\"@id\":\"https:\\\/\\\/lag-selbsthilfe-sachsen.de\\\/ls\\\/#website\"},\"datePublished\":\"2025-10-28T08:44:44+00:00\",\"author\":{\"@id\":\"https:\\\/\\\/lag-selbsthilfe-sachsen.de\\\/ls\\\/#\\\/schema\\\/person\\\/7af3954e2b148aadcfd0647e37a10f39\"},\"breadcrumb\":{\"@id\":\"https:\\\/\\\/lag-selbsthilfe-sachsen.de\\\/ls\\\/menschen-mit-demenz-vor-hitze-schuetzen\\\/#breadcrumb\"},\"inLanguage\":\"l-S\",\"potentialAction\":[{\"@type\":\"ReadAction\",\"target\":[\"https:\\\/\\\/lag-selbsthilfe-sachsen.de\\\/ls\\\/menschen-mit-demenz-vor-hitze-schuetzen\\\/\"]}]},{\"@type\":\"BreadcrumbList\",\"@id\":\"https:\\\/\\\/lag-selbsthilfe-sachsen.de\\\/ls\\\/menschen-mit-demenz-vor-hitze-schuetzen\\\/#breadcrumb\",\"itemListElement\":[{\"@type\":\"ListItem\",\"position\":1,\"name\":\"Startseite\",\"item\":\"https:\\\/\\\/lag-selbsthilfe-sachsen.de\\\/ls\\\/\"},{\"@type\":\"ListItem\",\"position\":2,\"name\":\"Menschen mit Demenz vor Hitze sch\u00fctzen\"}]},{\"@type\":\"WebSite\",\"@id\":\"https:\\\/\\\/lag-selbsthilfe-sachsen.de\\\/ls\\\/#website\",\"url\":\"https:\\\/\\\/lag-selbsthilfe-sachsen.de\\\/ls\\\/\",\"name\":\"LAG\",\"description\":\"Landesarbeitsgemeinschaft Selbsthilfe Sachsen e.V.\",\"potentialAction\":[{\"@type\":\"SearchAction\",\"target\":{\"@type\":\"EntryPoint\",\"urlTemplate\":\"https:\\\/\\\/lag-selbsthilfe-sachsen.de\\\/ls\\\/?s={search_term_string}\"},\"query-input\":{\"@type\":\"PropertyValueSpecification\",\"valueRequired\":true,\"valueName\":\"search_term_string\"}}],\"inLanguage\":\"l-S\"},{\"@type\":\"Person\",\"@id\":\"https:\\\/\\\/lag-selbsthilfe-sachsen.de\\\/ls\\\/#\\\/schema\\\/person\\\/7af3954e2b148aadcfd0647e37a10f39\",\"name\":\"Lara Hanske\",\"url\":\"https:\\\/\\\/lag-selbsthilfe-sachsen.de\\\/ls\\\/author\\\/larahanske\\\/\"}]}<\/script>\n<!-- \/ Yoast SEO plugin. -->","yoast_head_json":{"title":"Menschen mit Demenz vor Hitze sch\u00fctzen - LAG","robots":{"index":"index","follow":"follow","max-snippet":"max-snippet:-1","max-image-preview":"max-image-preview:large","max-video-preview":"max-video-preview:-1"},"canonical":"https:\/\/lag-selbsthilfe-sachsen.de\/ls\/menschen-mit-demenz-vor-hitze-schuetzen\/","og_locale":"en_US","og_type":"article","og_title":"Menschen mit Demenz vor Hitze sch\u00fctzen - LAG","og_description":"Menschen mit Demenz sind sehr anf\u00e4llig f\u00fcr Hitze. Sie k\u00f6nnen schlecht auf Hitze reagieren. Hitze kann eine Not\u00b7situation werden. Wenn sie zu wenig trinken. Oder wenn sie schlecht sprechen k\u00f6nnen. Dann muss oft ein Arzt kommen. \ud83d\ude91 &nbsp; Warum Hitze gef\u00e4hrlich ist:\u00a0 Menschen mit Demenz haben ein hohes Risiko: \u00dcberhitzung: Der K\u00f6rper wird zu hei\u00df.","og_url":"https:\/\/lag-selbsthilfe-sachsen.de\/ls\/menschen-mit-demenz-vor-hitze-schuetzen\/","og_site_name":"LAG","article_published_time":"2025-10-28T08:44:44+00:00","og_image":[{"width":1367,"height":796,"url":"https:\/\/lag-selbsthilfe-sachsen.de\/wp-content\/uploads\/2021\/04\/facebook.png","type":"image\/png"}],"author":"Lara Hanske","twitter_card":"summary_large_image","twitter_misc":{"Written by":"Lara Hanske","Est. reading time":"2 minutes"},"schema":{"@context":"https:\/\/schema.org","@graph":[{"@type":"Article","@id":"https:\/\/lag-selbsthilfe-sachsen.de\/ls\/menschen-mit-demenz-vor-hitze-schuetzen\/#article","isPartOf":{"@id":"https:\/\/lag-selbsthilfe-sachsen.de\/ls\/menschen-mit-demenz-vor-hitze-schuetzen\/"},"author":{"name":"Lara Hanske","@id":"https:\/\/lag-selbsthilfe-sachsen.de\/ls\/#\/schema\/person\/7af3954e2b148aadcfd0647e37a10f39"},"headline":"Menschen mit Demenz vor Hitze sch\u00fctzen","datePublished":"2025-10-28T08:44:44+00:00","mainEntityOfPage":{"@id":"https:\/\/lag-selbsthilfe-sachsen.de\/ls\/menschen-mit-demenz-vor-hitze-schuetzen\/"},"wordCount":357,"articleSection":["Uncategorized @ls"],"inLanguage":"l-S"},{"@type":"WebPage","@id":"https:\/\/lag-selbsthilfe-sachsen.de\/ls\/menschen-mit-demenz-vor-hitze-schuetzen\/","url":"https:\/\/lag-selbsthilfe-sachsen.de\/ls\/menschen-mit-demenz-vor-hitze-schuetzen\/","name":"Menschen mit Demenz vor Hitze sch\u00fctzen - LAG","isPartOf":{"@id":"https:\/\/lag-selbsthilfe-sachsen.de\/ls\/#website"},"datePublished":"2025-10-28T08:44:44+00:00","author":{"@id":"https:\/\/lag-selbsthilfe-sachsen.de\/ls\/#\/schema\/person\/7af3954e2b148aadcfd0647e37a10f39"},"breadcrumb":{"@id":"https:\/\/lag-selbsthilfe-sachsen.de\/ls\/menschen-mit-demenz-vor-hitze-schuetzen\/#breadcrumb"},"inLanguage":"l-S","potentialAction":[{"@type":"ReadAction","target":["https:\/\/lag-selbsthilfe-sachsen.de\/ls\/menschen-mit-demenz-vor-hitze-schuetzen\/"]}]},{"@type":"BreadcrumbList","@id":"https:\/\/lag-selbsthilfe-sachsen.de\/ls\/menschen-mit-demenz-vor-hitze-schuetzen\/#breadcrumb","itemListElement":[{"@type":"ListItem","position":1,"name":"Startseite","item":"https:\/\/lag-selbsthilfe-sachsen.de\/ls\/"},{"@type":"ListItem","position":2,"name":"Menschen mit Demenz vor Hitze sch\u00fctzen"}]},{"@type":"WebSite","@id":"https:\/\/lag-selbsthilfe-sachsen.de\/ls\/#website","url":"https:\/\/lag-selbsthilfe-sachsen.de\/ls\/","name":"LAG","description":"Landesarbeitsgemeinschaft Selbsthilfe Sachsen e.V.","potentialAction":[{"@type":"SearchAction","target":{"@type":"EntryPoint","urlTemplate":"https:\/\/lag-selbsthilfe-sachsen.de\/ls\/?s={search_term_string}"},"query-input":{"@type":"PropertyValueSpecification","valueRequired":true,"valueName":"search_term_string"}}],"inLanguage":"l-S"},{"@type":"Person","@id":"https:\/\/lag-selbsthilfe-sachsen.de\/ls\/#\/schema\/person\/7af3954e2b148aadcfd0647e37a10f39","name":"Lara Hanske","url":"https:\/\/lag-selbsthilfe-sachsen.de\/ls\/author\/larahanske\/"}]}},"_links":{"self":[{"href":"https:\/\/lag-selbsthilfe-sachsen.de\/ls\/wp-json\/wp\/v2\/posts\/11288","targetHints":{"allow":["GET"]}}],"collection":[{"href":"https:\/\/lag-selbsthilfe-sachsen.de\/ls\/wp-json\/wp\/v2\/posts"}],"about":[{"href":"https:\/\/lag-selbsthilfe-sachsen.de\/ls\/wp-json\/wp\/v2\/types\/post"}],"author":[{"embeddable":true,"href":"https:\/\/lag-selbsthilfe-sachsen.de\/ls\/wp-json\/wp\/v2\/users\/7"}],"replies":[{"embeddable":true,"href":"https:\/\/lag-selbsthilfe-sachsen.de\/ls\/wp-json\/wp\/v2\/comments?post=11288"}],"version-history":[{"count":0,"href":"https:\/\/lag-selbsthilfe-sachsen.de\/ls\/wp-json\/wp\/v2\/posts\/11288\/revisions"}],"wp:attachment":[{"href":"https:\/\/lag-selbsthilfe-sachsen.de\/ls\/wp-json\/wp\/v2\/media?parent=11288"}],"wp:term":[{"taxonomy":"category","embeddable":true,"href":"https:\/\/lag-selbsthilfe-sachsen.de\/ls\/wp-json\/wp\/v2\/categories?post=11288"},{"taxonomy":"post_tag","embeddable":true,"href":"https:\/\/lag-selbsthilfe-sachsen.de\/ls\/wp-json\/wp\/v2\/tags?post=11288"}],"curies":[{"name":"wp","href":"https:\/\/api.w.org\/{rel}","templated":true}]}}