{"id":12039,"date":"2026-09-05T17:42:59","date_gmt":"2026-09-05T15:42:59","guid":{"rendered":"https:\/\/lag-selbsthilfe-sachsen.de\/juergen-dusel-so-findet-er-die-aenderung-fuer-die-hilfe-fuer-kinder-und-junge-menschen\/"},"modified":"2026-09-05T17:42:59","modified_gmt":"2026-09-05T15:42:59","slug":"juergen-dusel-so-findet-er-die-aenderung-fuer-die-hilfe-fuer-kinder-und-junge-menschen","status":"publish","type":"post","link":"https:\/\/lag-selbsthilfe-sachsen.de\/ls\/juergen-dusel-so-findet-er-die-aenderung-fuer-die-hilfe-fuer-kinder-und-junge-menschen\/","title":{"rendered":"J\u00fcrgen Dusel: So findet er die \u00c4nderung f\u00fcr die Hilfe f\u00fcr Kinder und junge Menschen"},"content":{"rendered":"<p>Mitte August hat sich die Regierung von Deutschland getroffen.<br \/>\nSie haben \u00fcber Ideen f\u00fcr ein Gesetz entschieden.<br \/>\nEin Gesetz ist eine Regel f\u00fcr das Zusammen\u00b7leben von den Menschen.<br \/>\nIn dem Gesetz geht es um Hilfe f\u00fcr Kinder und junge Menschen mit Behinderung.<br \/>\nDiese Hilfe gibt es schon.<br \/>\nDie Regierung will sie jetzt \u00e4ndern.<\/p>\n<p>J\u00fcrgen Dusel ist von der Regierung beauftragt.<br \/>\nEr k\u00fcmmert sich um die Interessen von Menschen mit Behinderung.<br \/>\nEr findet die neuen Ideen \u00fcberhaupt nicht gut.<br \/>\nEr sagt:<\/p>\n<ul>\n<li>B\u00fcrokratie ist schlecht.<br \/>\nB\u00fcrokratie hei\u00dft:<br \/>\nEs gibt zu viele und zu komplizierte Regeln.<br \/>\nDas macht es den Menschen unn\u00f6tig schwer.<\/li>\n<li>Die Regierung will weniger B\u00fcrokratie.<br \/>\nAber die neuen Ideen von der Regierung machen die B\u00fcrokratie noch schlimmer.<\/li>\n<li>Die neuen Ideen sind besonders schlecht f\u00fcr Familien mit behinderten Kindern.<\/li>\n<li>Die Aufgaben werden neu aufgeteilt.<br \/>\nDeshalb m\u00fcssen die Familien zu vielen verschiedenen Orten.<br \/>\nNur so bekommen sie Hilfe.<\/li>\n<li>Familien sollten aber jede Art von Hilfe am selben Ort bekommen.<br \/>\nDas w\u00e4re viel besser.<br \/>\nDie Familien wissen dann immer:<br \/>\nWo m\u00fcssen wir hin?<br \/>\nSie m\u00fcssen nicht lange suchen.<\/li>\n<\/ul>\n<p>Das neue Gesetz wurde lange geplant.<br \/>\nEs sollte eine <strong>inklusive L\u00f6sung<\/strong> geben.<br \/>\nDiese L\u00f6sung sollte es schon vor 5 Jahren geben.<br \/>\nDamals gab es das Jugend\u00b7st\u00e4rkungs\u00b7gesetz.<br \/>\nDamit sollte jungen Menschen geholfen werden.<br \/>\nDie <strong>inklusive L\u00f6sung<\/strong> bedeutet:<\/p>\n<ul>\n<li>Alle Verantwortlichen sind zusammen an einem Ort.<\/li>\n<li>Dieser Ort ist die Kinder- und Jugend\u00b7hilfe.<\/li>\n<\/ul>\n<p>Sehr viele Kinder und Jugendliche bekommen eine Eingliederungs\u00b7hilfe.<br \/>\nDie Hilfe hat das Ziel:<\/p>\n<ul>\n<li>Alle sollen \u00fcberall mitmachen k\u00f6nnen.<\/li>\n<li>Deshalb bekommen sie Hilfe bei der Arbeit oder in der Schule.<\/li>\n<\/ul>\n<p>Junge Menschen mit seelischer Behinderung bekommen Hilfe von der Kinder- und Jugend\u00b7hilfe.<br \/>\nEs gibt noch mehr junge Menschen mit k\u00f6rperlicher oder geistiger Behinderung.<br \/>\nSie bekommen die Hilfe \u00fcber die Sozial\u00b7hilfe.<\/p>\n<p>Diese beiden Stellen sollten zusammen\u00b7gelegt werden.<br \/>\nDann sind sie an einem Ort und leicht zu finden.<br \/>\nDoch das wird in den neuen Ideen der Regierung nicht genug gefordert.<br \/>\nF\u00fcr die Regierung ist es ausreichend:<\/p>\n<ul>\n<li>Die einzelnen St\u00e4dte und Gemeinden k\u00f6nnen das ausprobieren.<\/li>\n<li>Sie m\u00fcssen es aber nicht.<\/li>\n<\/ul>\n<p>J\u00fcrgen Dusel sagt dazu:<\/p>\n<ul>\n<li>F\u00fcr Betroffene bleibt die Situation unklar und unsicher.<\/li>\n<li>Das Gesetz sollte nicht so bleiben.<\/li>\n<li>Denn dann gibt es keine <strong>inklusive L\u00f6sung<\/strong>.<\/li>\n<\/ul>\n<p>Seit ein paar Jahren gibt es Verfahrens\u00b7lotsen.<br \/>\nDas sind Mitarbeiter im Jugend\u00b7amt.<br \/>\nSie sollen Eltern von Kindern mit Behinderung helfen.<br \/>\nDoch bei diesem Problem k\u00f6nnen auch sie nicht helfen.<br \/>\nSie k\u00f6nnen nur bei Kindern und jungen Menschen mit seelischen Behinderungen helfen.<br \/>\nAber es gibt viel mehr Kinder und junge Menschen mit k\u00f6rperlichen und geistigen Behinderungen.<br \/>\nDiese brauchen auch Hilfe.<br \/>\nDaf\u00fcr gibt es keine L\u00f6sung.<\/p>\n<p>Doch das ist noch nicht alles.<br \/>\nEs gibt noch mehr Probleme mit den Ideen.<br \/>\nDie Eingliederungs\u00b7hilfe soll jedem jungen Menschen helfen.<br \/>\nJeder Mensch wird als einzelne Person gesehen.<br \/>\nDas ist bei den neuen Ideen nicht mehr so.<br \/>\nJetzt geht es darum:<br \/>\nWelche Angebote gibt es schon?<br \/>\nEs gibt mehr Angebote f\u00fcr Gruppen.<br \/>\nEs gibt weniger Angebote f\u00fcr Einzel\u00b7f\u00e4lle.<br \/>\nDer Behinderten\u00b7beauftragte von der Regierung findet das gut.<br \/>\nEr sagt:<br \/>\nEs ist ein Schritt zu inklusiven Schulen.<br \/>\nAber dabei darf das Fach\u00b7wissen der Mitarbeiter nicht fehlen.<br \/>\nUnd es ist nicht immer wie Einzel\u00b7betreuung.<br \/>\nKinder und junge Menschen mit hohem Hilfe\u00b7bedarf brauchen aber diese Einzel\u00b7betreuung.<br \/>\nMit den neuen Ideen ist das zwar m\u00f6glich.<br \/>\nAber es ist sehr schwer zu bekommen.<br \/>\nDie betroffenen Familien m\u00fcssen nachweisen:<\/p>\n<ul>\n<li>Das allgemeine Angebot reicht nicht aus.<\/li>\n<li>Sie brauchen mehr Hilfe.<br \/>\nDieser Nachweis ist sehr schwer.<\/li>\n<\/ul>\n<p>J\u00fcrgen Dusel sagt:<\/p>\n<ul>\n<li>Die neuen Ideen zeigen:<br \/>\nInklusion ist f\u00fcr die deutsche Regierung nicht mehr so wichtig.<\/li>\n<li>Kinder und junge Menschen mit Behinderungen haben Rechte:<br \/>\nSie haben das Recht auf selbst\u00b7bestimmte Teilhabe.<br \/>\nDiese Teilhabe muss zu ihrem Einzel\u00b7fall passen.<br \/>\nSie haben auch das Recht auf dieselben Bildungs\u00b7chancen wie alle anderen.<\/li>\n<li>Diese Rechte werden durch das neue Gesetz in Gefahr gebracht.<\/li>\n<\/ul>\n<p>Es wird wichtiger:<br \/>\nWieviel Geld haben die Eltern dieser Kinder?<br \/>\nDie Menschen in der Regierung m\u00fcssen nun entscheiden.<br \/>\nSie haben eine gro\u00dfe Verantwortung.<br \/>\nSie sollen die Teilhabe von Menschen mit Behinderung sichern.<br \/>\nSie sollen auch den Familien helfen.<\/p>\n","protected":false},"excerpt":{"rendered":"<p>Mitte August hat sich die Regierung von Deutschland getroffen. Sie haben \u00fcber Ideen f\u00fcr ein Gesetz entschieden. Ein Gesetz ist eine Regel f\u00fcr das Zusammen\u00b7leben von den Menschen. In dem Gesetz geht es um Hilfe f\u00fcr Kinder und junge Menschen mit Behinderung. Diese Hilfe gibt es schon. Die Regierung will sie jetzt \u00e4ndern. J\u00fcrgen Dusel<\/p>\n","protected":false},"author":11,"featured_media":11935,"comment_status":"closed","ping_status":"open","sticky":false,"template":"","format":"standard","meta":{"_acf_changed":false,"footnotes":""},"categories":[125],"tags":[],"class_list":["post-12039","post","type-post","status-publish","format-standard","has-post-thumbnail","hentry","category-behindertenpolitik-ls"],"acf":[],"yoast_head":"<!-- This site is optimized with the Yoast SEO plugin v28.3 - https:\/\/yoast.com\/product\/yoast-seo-wordpress\/ -->\n<title>J\u00fcrgen Dusel: So findet er die \u00c4nderung f\u00fcr die Hilfe f\u00fcr Kinder und junge Menschen - LAG<\/title>\n<meta name=\"robots\" content=\"index, follow, max-snippet:-1, max-image-preview:large, max-video-preview:-1\" \/>\n<link rel=\"canonical\" href=\"https:\/\/lag-selbsthilfe-sachsen.de\/ls\/juergen-dusel-so-findet-er-die-aenderung-fuer-die-hilfe-fuer-kinder-und-junge-menschen\/\" \/>\n<meta property=\"og:locale\" content=\"en_US\" \/>\n<meta property=\"og:type\" content=\"article\" \/>\n<meta property=\"og:title\" content=\"J\u00fcrgen Dusel: So findet er die \u00c4nderung f\u00fcr die Hilfe f\u00fcr Kinder und junge Menschen - LAG\" \/>\n<meta property=\"og:description\" content=\"Mitte August hat sich die Regierung von Deutschland getroffen. Sie haben \u00fcber Ideen f\u00fcr ein Gesetz entschieden. Ein Gesetz ist eine Regel f\u00fcr das Zusammen\u00b7leben von den Menschen. In dem Gesetz geht es um Hilfe f\u00fcr Kinder und junge Menschen mit Behinderung. Diese Hilfe gibt es schon. Die Regierung will sie jetzt \u00e4ndern. J\u00fcrgen Dusel\" \/>\n<meta property=\"og:url\" content=\"https:\/\/lag-selbsthilfe-sachsen.de\/ls\/juergen-dusel-so-findet-er-die-aenderung-fuer-die-hilfe-fuer-kinder-und-junge-menschen\/\" \/>\n<meta property=\"og:site_name\" content=\"LAG\" \/>\n<meta property=\"article:published_time\" content=\"2026-09-05T15:42:59+00:00\" \/>\n<meta property=\"og:image\" content=\"https:\/\/lag-selbsthilfe-sachsen.de\/wp-content\/uploads\/2021\/04\/facebook.png\" \/>\n\t<meta property=\"og:image:width\" content=\"1367\" \/>\n\t<meta property=\"og:image:height\" content=\"796\" \/>\n\t<meta property=\"og:image:type\" content=\"image\/png\" \/>\n<meta name=\"author\" content=\"lag-selbsthilfe\" \/>\n<meta name=\"twitter:card\" content=\"summary_large_image\" \/>\n<meta name=\"twitter:label1\" content=\"Written by\" \/>\n\t<meta name=\"twitter:data1\" content=\"lag-selbsthilfe\" \/>\n\t<meta name=\"twitter:label2\" content=\"Est. reading time\" \/>\n\t<meta name=\"twitter:data2\" content=\"4 minutes\" \/>\n<script type=\"application\/ld+json\" class=\"yoast-schema-graph\">{\"@context\":\"https:\\\/\\\/schema.org\",\"@graph\":[{\"@type\":\"Article\",\"@id\":\"https:\\\/\\\/lag-selbsthilfe-sachsen.de\\\/ls\\\/juergen-dusel-so-findet-er-die-aenderung-fuer-die-hilfe-fuer-kinder-und-junge-menschen\\\/#article\",\"isPartOf\":{\"@id\":\"https:\\\/\\\/lag-selbsthilfe-sachsen.de\\\/ls\\\/juergen-dusel-so-findet-er-die-aenderung-fuer-die-hilfe-fuer-kinder-und-junge-menschen\\\/\"},\"author\":{\"name\":\"lag-selbsthilfe\",\"@id\":\"https:\\\/\\\/lag-selbsthilfe-sachsen.de\\\/ls\\\/#\\\/schema\\\/person\\\/c4c4aa081cb12d9bdad038c4edb1668f\"},\"headline\":\"J\u00fcrgen Dusel: So findet er die \u00c4nderung f\u00fcr die Hilfe f\u00fcr Kinder und junge Menschen\",\"datePublished\":\"2026-09-05T15:42:59+00:00\",\"mainEntityOfPage\":{\"@id\":\"https:\\\/\\\/lag-selbsthilfe-sachsen.de\\\/ls\\\/juergen-dusel-so-findet-er-die-aenderung-fuer-die-hilfe-fuer-kinder-und-junge-menschen\\\/\"},\"wordCount\":735,\"image\":{\"@id\":\"https:\\\/\\\/lag-selbsthilfe-sachsen.de\\\/ls\\\/juergen-dusel-so-findet-er-die-aenderung-fuer-die-hilfe-fuer-kinder-und-junge-menschen\\\/#primaryimage\"},\"thumbnailUrl\":\"https:\\\/\\\/lag-selbsthilfe-sachsen.de\\\/wp-content\\\/uploads\\\/2026\\\/08\\\/picjumbo_com-child-865116-scaled.jpg\",\"articleSection\":[\"Behindertenpolitik\"],\"inLanguage\":\"l-S\"},{\"@type\":\"WebPage\",\"@id\":\"https:\\\/\\\/lag-selbsthilfe-sachsen.de\\\/ls\\\/juergen-dusel-so-findet-er-die-aenderung-fuer-die-hilfe-fuer-kinder-und-junge-menschen\\\/\",\"url\":\"https:\\\/\\\/lag-selbsthilfe-sachsen.de\\\/ls\\\/juergen-dusel-so-findet-er-die-aenderung-fuer-die-hilfe-fuer-kinder-und-junge-menschen\\\/\",\"name\":\"J\u00fcrgen Dusel: So findet er die \u00c4nderung f\u00fcr die Hilfe f\u00fcr Kinder und junge Menschen - LAG\",\"isPartOf\":{\"@id\":\"https:\\\/\\\/lag-selbsthilfe-sachsen.de\\\/ls\\\/#website\"},\"primaryImageOfPage\":{\"@id\":\"https:\\\/\\\/lag-selbsthilfe-sachsen.de\\\/ls\\\/juergen-dusel-so-findet-er-die-aenderung-fuer-die-hilfe-fuer-kinder-und-junge-menschen\\\/#primaryimage\"},\"image\":{\"@id\":\"https:\\\/\\\/lag-selbsthilfe-sachsen.de\\\/ls\\\/juergen-dusel-so-findet-er-die-aenderung-fuer-die-hilfe-fuer-kinder-und-junge-menschen\\\/#primaryimage\"},\"thumbnailUrl\":\"https:\\\/\\\/lag-selbsthilfe-sachsen.de\\\/wp-content\\\/uploads\\\/2026\\\/08\\\/picjumbo_com-child-865116-scaled.jpg\",\"datePublished\":\"2026-09-05T15:42:59+00:00\",\"author\":{\"@id\":\"https:\\\/\\\/lag-selbsthilfe-sachsen.de\\\/ls\\\/#\\\/schema\\\/person\\\/c4c4aa081cb12d9bdad038c4edb1668f\"},\"breadcrumb\":{\"@id\":\"https:\\\/\\\/lag-selbsthilfe-sachsen.de\\\/ls\\\/juergen-dusel-so-findet-er-die-aenderung-fuer-die-hilfe-fuer-kinder-und-junge-menschen\\\/#breadcrumb\"},\"inLanguage\":\"l-S\",\"potentialAction\":[{\"@type\":\"ReadAction\",\"target\":[\"https:\\\/\\\/lag-selbsthilfe-sachsen.de\\\/ls\\\/juergen-dusel-so-findet-er-die-aenderung-fuer-die-hilfe-fuer-kinder-und-junge-menschen\\\/\"]}]},{\"@type\":\"ImageObject\",\"inLanguage\":\"l-S\",\"@id\":\"https:\\\/\\\/lag-selbsthilfe-sachsen.de\\\/ls\\\/juergen-dusel-so-findet-er-die-aenderung-fuer-die-hilfe-fuer-kinder-und-junge-menschen\\\/#primaryimage\",\"url\":\"https:\\\/\\\/lag-selbsthilfe-sachsen.de\\\/wp-content\\\/uploads\\\/2026\\\/08\\\/picjumbo_com-child-865116-scaled.jpg\",\"contentUrl\":\"https:\\\/\\\/lag-selbsthilfe-sachsen.de\\\/wp-content\\\/uploads\\\/2026\\\/08\\\/picjumbo_com-child-865116-scaled.jpg\",\"width\":2560,\"height\":1707},{\"@type\":\"BreadcrumbList\",\"@id\":\"https:\\\/\\\/lag-selbsthilfe-sachsen.de\\\/ls\\\/juergen-dusel-so-findet-er-die-aenderung-fuer-die-hilfe-fuer-kinder-und-junge-menschen\\\/#breadcrumb\",\"itemListElement\":[{\"@type\":\"ListItem\",\"position\":1,\"name\":\"Startseite\",\"item\":\"https:\\\/\\\/lag-selbsthilfe-sachsen.de\\\/ls\\\/\"},{\"@type\":\"ListItem\",\"position\":2,\"name\":\"J\u00fcrgen Dusel: So findet er die \u00c4nderung f\u00fcr die Hilfe f\u00fcr Kinder und junge Menschen\"}]},{\"@type\":\"WebSite\",\"@id\":\"https:\\\/\\\/lag-selbsthilfe-sachsen.de\\\/ls\\\/#website\",\"url\":\"https:\\\/\\\/lag-selbsthilfe-sachsen.de\\\/ls\\\/\",\"name\":\"LAG\",\"description\":\"Landesarbeitsgemeinschaft Selbsthilfe Sachsen e.V.\",\"potentialAction\":[{\"@type\":\"SearchAction\",\"target\":{\"@type\":\"EntryPoint\",\"urlTemplate\":\"https:\\\/\\\/lag-selbsthilfe-sachsen.de\\\/ls\\\/?s={search_term_string}\"},\"query-input\":{\"@type\":\"PropertyValueSpecification\",\"valueRequired\":true,\"valueName\":\"search_term_string\"}}],\"inLanguage\":\"l-S\"},{\"@type\":\"Person\",\"@id\":\"https:\\\/\\\/lag-selbsthilfe-sachsen.de\\\/ls\\\/#\\\/schema\\\/person\\\/c4c4aa081cb12d9bdad038c4edb1668f\",\"name\":\"lag-selbsthilfe\",\"url\":\"https:\\\/\\\/lag-selbsthilfe-sachsen.de\\\/ls\\\/author\\\/lag-selbsthilfe\\\/\"}]}<\/script>\n<!-- \/ Yoast SEO plugin. -->","yoast_head_json":{"title":"J\u00fcrgen Dusel: So findet er die \u00c4nderung f\u00fcr die Hilfe f\u00fcr Kinder und junge Menschen - LAG","robots":{"index":"index","follow":"follow","max-snippet":"max-snippet:-1","max-image-preview":"max-image-preview:large","max-video-preview":"max-video-preview:-1"},"canonical":"https:\/\/lag-selbsthilfe-sachsen.de\/ls\/juergen-dusel-so-findet-er-die-aenderung-fuer-die-hilfe-fuer-kinder-und-junge-menschen\/","og_locale":"en_US","og_type":"article","og_title":"J\u00fcrgen Dusel: So findet er die \u00c4nderung f\u00fcr die Hilfe f\u00fcr Kinder und junge Menschen - LAG","og_description":"Mitte August hat sich die Regierung von Deutschland getroffen. Sie haben \u00fcber Ideen f\u00fcr ein Gesetz entschieden. Ein Gesetz ist eine Regel f\u00fcr das Zusammen\u00b7leben von den Menschen. In dem Gesetz geht es um Hilfe f\u00fcr Kinder und junge Menschen mit Behinderung. Diese Hilfe gibt es schon. Die Regierung will sie jetzt \u00e4ndern. J\u00fcrgen Dusel","og_url":"https:\/\/lag-selbsthilfe-sachsen.de\/ls\/juergen-dusel-so-findet-er-die-aenderung-fuer-die-hilfe-fuer-kinder-und-junge-menschen\/","og_site_name":"LAG","article_published_time":"2026-09-05T15:42:59+00:00","og_image":[{"width":1367,"height":796,"url":"https:\/\/lag-selbsthilfe-sachsen.de\/wp-content\/uploads\/2021\/04\/facebook.png","type":"image\/png"}],"author":"lag-selbsthilfe","twitter_card":"summary_large_image","twitter_misc":{"Written by":"lag-selbsthilfe","Est. reading time":"4 minutes"},"schema":{"@context":"https:\/\/schema.org","@graph":[{"@type":"Article","@id":"https:\/\/lag-selbsthilfe-sachsen.de\/ls\/juergen-dusel-so-findet-er-die-aenderung-fuer-die-hilfe-fuer-kinder-und-junge-menschen\/#article","isPartOf":{"@id":"https:\/\/lag-selbsthilfe-sachsen.de\/ls\/juergen-dusel-so-findet-er-die-aenderung-fuer-die-hilfe-fuer-kinder-und-junge-menschen\/"},"author":{"name":"lag-selbsthilfe","@id":"https:\/\/lag-selbsthilfe-sachsen.de\/ls\/#\/schema\/person\/c4c4aa081cb12d9bdad038c4edb1668f"},"headline":"J\u00fcrgen Dusel: So findet er die \u00c4nderung f\u00fcr die Hilfe f\u00fcr Kinder und junge Menschen","datePublished":"2026-09-05T15:42:59+00:00","mainEntityOfPage":{"@id":"https:\/\/lag-selbsthilfe-sachsen.de\/ls\/juergen-dusel-so-findet-er-die-aenderung-fuer-die-hilfe-fuer-kinder-und-junge-menschen\/"},"wordCount":735,"image":{"@id":"https:\/\/lag-selbsthilfe-sachsen.de\/ls\/juergen-dusel-so-findet-er-die-aenderung-fuer-die-hilfe-fuer-kinder-und-junge-menschen\/#primaryimage"},"thumbnailUrl":"https:\/\/lag-selbsthilfe-sachsen.de\/wp-content\/uploads\/2026\/08\/picjumbo_com-child-865116-scaled.jpg","articleSection":["Behindertenpolitik"],"inLanguage":"l-S"},{"@type":"WebPage","@id":"https:\/\/lag-selbsthilfe-sachsen.de\/ls\/juergen-dusel-so-findet-er-die-aenderung-fuer-die-hilfe-fuer-kinder-und-junge-menschen\/","url":"https:\/\/lag-selbsthilfe-sachsen.de\/ls\/juergen-dusel-so-findet-er-die-aenderung-fuer-die-hilfe-fuer-kinder-und-junge-menschen\/","name":"J\u00fcrgen Dusel: So findet er die \u00c4nderung f\u00fcr die Hilfe f\u00fcr Kinder und junge Menschen - LAG","isPartOf":{"@id":"https:\/\/lag-selbsthilfe-sachsen.de\/ls\/#website"},"primaryImageOfPage":{"@id":"https:\/\/lag-selbsthilfe-sachsen.de\/ls\/juergen-dusel-so-findet-er-die-aenderung-fuer-die-hilfe-fuer-kinder-und-junge-menschen\/#primaryimage"},"image":{"@id":"https:\/\/lag-selbsthilfe-sachsen.de\/ls\/juergen-dusel-so-findet-er-die-aenderung-fuer-die-hilfe-fuer-kinder-und-junge-menschen\/#primaryimage"},"thumbnailUrl":"https:\/\/lag-selbsthilfe-sachsen.de\/wp-content\/uploads\/2026\/08\/picjumbo_com-child-865116-scaled.jpg","datePublished":"2026-09-05T15:42:59+00:00","author":{"@id":"https:\/\/lag-selbsthilfe-sachsen.de\/ls\/#\/schema\/person\/c4c4aa081cb12d9bdad038c4edb1668f"},"breadcrumb":{"@id":"https:\/\/lag-selbsthilfe-sachsen.de\/ls\/juergen-dusel-so-findet-er-die-aenderung-fuer-die-hilfe-fuer-kinder-und-junge-menschen\/#breadcrumb"},"inLanguage":"l-S","potentialAction":[{"@type":"ReadAction","target":["https:\/\/lag-selbsthilfe-sachsen.de\/ls\/juergen-dusel-so-findet-er-die-aenderung-fuer-die-hilfe-fuer-kinder-und-junge-menschen\/"]}]},{"@type":"ImageObject","inLanguage":"l-S","@id":"https:\/\/lag-selbsthilfe-sachsen.de\/ls\/juergen-dusel-so-findet-er-die-aenderung-fuer-die-hilfe-fuer-kinder-und-junge-menschen\/#primaryimage","url":"https:\/\/lag-selbsthilfe-sachsen.de\/wp-content\/uploads\/2026\/08\/picjumbo_com-child-865116-scaled.jpg","contentUrl":"https:\/\/lag-selbsthilfe-sachsen.de\/wp-content\/uploads\/2026\/08\/picjumbo_com-child-865116-scaled.jpg","width":2560,"height":1707},{"@type":"BreadcrumbList","@id":"https:\/\/lag-selbsthilfe-sachsen.de\/ls\/juergen-dusel-so-findet-er-die-aenderung-fuer-die-hilfe-fuer-kinder-und-junge-menschen\/#breadcrumb","itemListElement":[{"@type":"ListItem","position":1,"name":"Startseite","item":"https:\/\/lag-selbsthilfe-sachsen.de\/ls\/"},{"@type":"ListItem","position":2,"name":"J\u00fcrgen Dusel: So findet er die \u00c4nderung f\u00fcr die Hilfe f\u00fcr Kinder und junge Menschen"}]},{"@type":"WebSite","@id":"https:\/\/lag-selbsthilfe-sachsen.de\/ls\/#website","url":"https:\/\/lag-selbsthilfe-sachsen.de\/ls\/","name":"LAG","description":"Landesarbeitsgemeinschaft Selbsthilfe Sachsen e.V.","potentialAction":[{"@type":"SearchAction","target":{"@type":"EntryPoint","urlTemplate":"https:\/\/lag-selbsthilfe-sachsen.de\/ls\/?s={search_term_string}"},"query-input":{"@type":"PropertyValueSpecification","valueRequired":true,"valueName":"search_term_string"}}],"inLanguage":"l-S"},{"@type":"Person","@id":"https:\/\/lag-selbsthilfe-sachsen.de\/ls\/#\/schema\/person\/c4c4aa081cb12d9bdad038c4edb1668f","name":"lag-selbsthilfe","url":"https:\/\/lag-selbsthilfe-sachsen.de\/ls\/author\/lag-selbsthilfe\/"}]}},"_links":{"self":[{"href":"https:\/\/lag-selbsthilfe-sachsen.de\/ls\/wp-json\/wp\/v2\/posts\/12039","targetHints":{"allow":["GET"]}}],"collection":[{"href":"https:\/\/lag-selbsthilfe-sachsen.de\/ls\/wp-json\/wp\/v2\/posts"}],"about":[{"href":"https:\/\/lag-selbsthilfe-sachsen.de\/ls\/wp-json\/wp\/v2\/types\/post"}],"author":[{"embeddable":true,"href":"https:\/\/lag-selbsthilfe-sachsen.de\/ls\/wp-json\/wp\/v2\/users\/11"}],"replies":[{"embeddable":true,"href":"https:\/\/lag-selbsthilfe-sachsen.de\/ls\/wp-json\/wp\/v2\/comments?post=12039"}],"version-history":[{"count":0,"href":"https:\/\/lag-selbsthilfe-sachsen.de\/ls\/wp-json\/wp\/v2\/posts\/12039\/revisions"}],"wp:featuredmedia":[{"embeddable":true,"href":"https:\/\/lag-selbsthilfe-sachsen.de\/ls\/wp-json\/wp\/v2\/media\/11935"}],"wp:attachment":[{"href":"https:\/\/lag-selbsthilfe-sachsen.de\/ls\/wp-json\/wp\/v2\/media?parent=12039"}],"wp:term":[{"taxonomy":"category","embeddable":true,"href":"https:\/\/lag-selbsthilfe-sachsen.de\/ls\/wp-json\/wp\/v2\/categories?post=12039"},{"taxonomy":"post_tag","embeddable":true,"href":"https:\/\/lag-selbsthilfe-sachsen.de\/ls\/wp-json\/wp\/v2\/tags?post=12039"}],"curies":[{"name":"wp","href":"https:\/\/api.w.org\/{rel}","templated":true}]}}