{"id":5686,"date":"2022-05-12T13:51:46","date_gmt":"2022-05-12T11:51:46","guid":{"rendered":"https:\/\/lag-selbsthilfe-sachsen.de\/?p=5686"},"modified":"2022-05-12T16:17:03","modified_gmt":"2022-05-12T14:17:03","slug":"ruckblick-zur-protestaktion-in-dresden","status":"publish","type":"post","link":"https:\/\/lag-selbsthilfe-sachsen.de\/ls\/ruckblick-zur-protestaktion-in-dresden\/","title":{"rendered":"R\u00fcck\u00b7blick zur Protest\u00b7aktion in Dresden"},"content":{"rendered":"\n<h3 class=\"wp-block-heading\"><strong>Markt der Inklusion am 5. Mai in Dresden<\/strong><\/h3>\n\n\n\n<p>Es gibt einen Aktions\u00b7tag f\u00fcr Menschen mit Behinderung.<br>Er hei\u00dft:&nbsp;Europ\u00e4ischer&nbsp;Protest\u00b7tag zur Gleichstellung von Menschen mit Behinderung.<br>Er findet immer am 5. Mai statt.&nbsp;<br>Viele Vereine und Einrichtungen f\u00fcr Menschen mit Behinderungen&nbsp;protestieren dann.<br>Sie sagen deutlich: Was muss besser werden f\u00fcr Menschen mit Behinderung.<br>Und welche Hindernisse gibt es noch.<\/p>\n\n\n\n<p>Unser Verein hei\u00dft: Landes\u00b7arbeits\u00b7gemeinschaft Selbst\u00b7hilfe Sachsen.<br>Kurz sagt man:&nbsp;<a href=\"https:\/\/inklusionsnetzwerk-sachsen.de\/de\/das-netz-werk\/woerterbuch\/begriffserklaerung\/lag-sh-sachsen\/35.html\">LAG SH Sachsen<\/a>.<br>Der Verein hat am 5. Mai eine gro\u00dfe Aktion veranstaltet.&nbsp;<br>Viele Partner haben mitgemacht.<br>Auch das Inklusions\u00b7netzwerk Sachsen.<\/p>\n\n\n\n<p>Die Aktion hie\u00df: &#8220;Markt der&nbsp;<dfn title=\"Inklusion hei\u00dft Gleichheit\"><a href=\"https:\/\/inklusionsnetzwerk-sachsen.de\/de\/das-netz-werk\/woerterbuch\/begriffserklaerung\/inklusion\/35.html\">Inklusion<\/a><\/dfn>&nbsp;\u2013 weniger Barrieren, mehr&nbsp;<a href=\"https:\/\/inklusionsnetzwerk-sachsen.de\/de\/das-netz-werk\/woerterbuch\/begriffserklaerung\/teilhabe\/35.html\">Teilhabe<\/a>&#8220;<br>Sie fand vor dem Kultur\u00b7palast&nbsp;in Dresden statt.<br>Das gab es bei der Aktion:<\/p>\n\n\n\n<ul class=\"wp-block-list\"><li>viel Sonnenschein<\/li><li>Musik<\/li><li>viele kleine Aktionen zu den Themen&nbsp;Inklusion und Barriere\u00b7freiheit.<\/li><li>Inklusion bedeutet: Jeder kann \u00fcberall dabei sein.<\/li><li>Barrierefreiheit bedeutet: Es gibt keine Hindernisse.<\/li><li>viele Informationen an Markt\u00b7st\u00e4nden von Partnern<\/li><\/ul>\n\n\n\n<h3 class=\"wp-block-heading\"><strong>Darum ging es: unterwegs sein ohne Hindernisse<\/strong><\/h3>\n\n\n\n<p>Beim Protest\u00b7tag gab es ein Motto:<br>&#8220;Tempo machen \u2013&nbsp;<a href=\"https:\/\/inklusionsnetzwerk-sachsen.de\/de\/das-netz-werk\/woerterbuch\/begriffserklaerung\/barrierefrei\/35.html\">barriere\u00b7frei<\/a>&nbsp;zum Ziel\u201c.<br>Das bedeutet: jeder soll unterwegs sein k\u00f6nnen.<br>Ohne dass Hindernisse im Weg stehen.<br>Deshalb gab es verschiedene&nbsp;<strong>Parcours&nbsp;<\/strong>und Stadt\u00b7rund\u00b7g\u00e4nge.<br>Ein Parcours ist&nbsp;eine Strecke mit vorbereiteten Hindernissen.<br>Dadurch kann man zum Beispiel ausprobieren:<br>Wie schwierig ist ein Weg mit Hindernissen f\u00fcr eine Person im Roll\u00b7stuhl.&nbsp;<\/p>\n\n\n\n<p>Es gibt viele Hindernisse f\u00fcr Menschen mit Behinderung.<br>Dadurch k\u00f6nnen sie vieles nicht machen.<br>Zum Beispiel:<\/p>\n\n\n\n<ul class=\"wp-block-list\"><li>durch Treppenstufen kommen Rollstuhlfahrer nicht in Geb\u00e4ude&nbsp;<\/li><li>schwere Sprache f\u00fcr Menschen, die leichte Sprache besser verstehen w\u00fcrden<\/li><li>und sich \u00fcber Politik informieren wollen<\/li><\/ul>\n\n\n\n<h4 class=\"wp-block-heading\"><strong>Roll\u00b7stuhl-Parcours<\/strong><\/h4>\n\n\n\n<p>Es gab verschiedene Angebote von einem Verein.<br>Der Verein hei\u00dft: Der Landes\u00b7verband Selbst\u00b7hilfe K\u00f6rper\u00b7behinderter Sachsen (<a href=\"https:\/\/inklusionsnetzwerk-sachsen.de\/de\/das-netz-werk\/woerterbuch\/begriffserklaerung\/lsks\/35.html\">LSKS<\/a>).<br>Es gab einen Roll\u00b7stuhl-Parcours und&nbsp;Rund\u00b7g\u00e4nge.<\/p>\n\n\n\n<h4 class=\"wp-block-heading\"><strong>Rund\u00b7g\u00e4nge aus der Sicht von Blinden und Seh\u00b7behinderten<\/strong><\/h4>\n\n\n\n<p>Karla K\u00f6rner f\u00fchrte einen&nbsp;Rund\u00b7gang um den Dresdner Alt\u00b7markt.<br>Sie ist Trainerin f\u00fcr Blinde und Seh\u00b7behinderte.<br>Damit sie sich unterwegs besser zurechtfinden.<\/p>\n\n\n\n<p>Besucher bekamen eine&nbsp;Augen\u00b7maske und Blinden\u00b7leit\u00b7stock.<br>Damit konnten Sie erfahren: Wie schwer ist es&nbsp;f\u00fcr blinde und seh\u00b7behinderte Personen sich durch Dresden zu bewegen.<br>Es gab auch einen Parcours.<\/p>\n\n\n\n<h4 class=\"wp-block-heading\"><strong>Es gibt noch mehr Hindernisse<\/strong><\/h4>\n\n\n\n<p>Auch Sprache kann ein Hinderniss sein.<br>Zum Beispiel f\u00fcr taube Menschen.<br>Deshalb gab es kurze Kurse f\u00fcr&nbsp;<a href=\"https:\/\/inklusionsnetzwerk-sachsen.de\/de\/das-netz-werk\/woerterbuch\/begriffserklaerung\/gebaerdensprache\/35.html\">Geb\u00e4rden\u00b7sprache<\/a>.<br>Verschiedene Teilnehmer gaben die Kurse:<\/p>\n\n\n\n<ul class=\"wp-block-list\"><li>Scouts \u2013 Geb\u00e4rden\u00b7sprache f\u00fcr alle<\/li><li>Spektrum:Mensch gGmbH<\/li><li>vigevo<\/li><li>Stadt\u00b7verband der Geh\u00f6r\u00b7losen Dresden e. V.<\/li><\/ul>\n\n\n\n<p>Schwere Sprache ist f\u00fcr Menschen mit Lern\u00b7schwierigkeiten auch ein Hindernis.<br>Zum Beispiel bei Briefen und Nachrichten.<br>Darauf haben zum Beispiel diese Teilnehmer den Besuchern gesagt:<\/p>\n\n\n\n<ul class=\"wp-block-list\"><li>Expert*in in eigener Sache<\/li><li>Netz\u00b7werk f\u00fcr inklusive politische Bildung<\/li><li>VHS Dresden<\/li><\/ul>\n\n\n\n<h3 class=\"wp-block-heading\"><strong>Protest bei der Veranstaltung<\/strong><\/h3>\n\n\n\n<p>Bei der Aktion ging es auch um Protest.<br>Das hei\u00dft: Die Teilnehmer haben gesagt, was sie st\u00f6rt.<br>Und sie haben gefordert: viele Dinge sollen sich \u00e4ndern.<br>Es gab viele M\u00f6glichkeiten&nbsp;f\u00fcr den Protest:<\/p>\n\n\n\n<h4 class=\"wp-block-heading\"><strong>Offene B\u00fchne<\/strong><\/h4>\n\n\n\n<p>Auf der B\u00fchne spielte eine Band.<br>Sie hei\u00dft: Blue Alley.<br>Die Teilnehmer konnten aber auch auf die B\u00fchne gehen.<br>Und sagen: Welche Hindernisse gibt es.<br>Und was soll sich \u00e4ndern.<br>Zum Beispiel: Menschen in Werkst\u00e4tten sollen f\u00fcr ihre Arbeit mehr Geld bekommen.<\/p>\n\n\n\n<h4 class=\"wp-block-heading\"><strong>Protestplakate<\/strong><\/h4>\n\n\n\n<p>Es gab einen Bastel\u00b7tisch.<br>Dort konnte jeder Plakate basteln.<br>Auf den Plakaten standen Forderungen.<br>Die Plakate wird man auch im Internet sehen k\u00f6nnen:<\/p>\n\n\n\n<ul class=\"wp-block-list\"><li>auf der&nbsp;<a href=\"https:\/\/lag-selbsthilfe-sachsen.de\/marktderinklusion2022\/\">Internet\u00b7seite von der&nbsp;LAG SH Sachsen<\/a><\/li><li>auf der Internet\u00b7seite vom Inklusions\u00b7netzwerk&nbsp;Sachsen<\/li><\/ul>\n\n\n\n<h4 class=\"wp-block-heading\"><strong>Beteiligungs\u00b7box<\/strong><\/h4>\n\n\n\n<p>Die Besucher konnten W\u00fcnsche und Forderungen aufschreiben.<br>Und in eine Kiste stecken.<br>Die Kiste hie\u00df:&nbsp;Beteiligungs\u00b7box.<br>Die W\u00fcnsche haben wir der Behinderten\u00b7beauftragte von der Stadt Dresden gegeben.<br>Sie hei\u00dft Manuela Scharf.<\/p>\n\n\n\n<h4 class=\"wp-block-heading\"><strong>Dumme Fragen gibt es nicht<\/strong><\/h4>\n\n\n\n<p>Es gab noch eine Frage\u00b7aktion.<br>Sie hei\u00dft:&nbsp;\u201eDumme Fragen gibt es nicht, nur bl\u00f6de Antworten\u201c.<br>Besucher durften&nbsp;Fragen an Menschen mit Behinderungen aufschreiben.<br>Wir werden die Antworten zu den Fragen ins Internet stellen.<br>Die Antworten findet man auf dieser Internet\u00b7seite:<br><a href=\"https:\/\/keine-dummen-fragen.de\/\">Fragen-Web<\/a>\u00b7<a href=\"https:\/\/keine-dummen-fragen.de\/\">seite<\/a><br>Dort kann man auch noch mehr Fragen stellen.<br>Die Fragen\u00b7aktion geh\u00f6rt zu einem Projekt von unserem Verein.<br>Das Projekt hei\u00dft: Challenge&nbsp;<dfn title=\"Inklusion hei\u00dft Gleichheit\"><a href=\"https:\/\/inklusionsnetzwerk-sachsen.de\/de\/das-netz-werk\/woerterbuch\/begriffserklaerung\/inklusion\/35.html\">Inklusion<\/a><\/dfn>.<\/p>\n\n\n\n<h4 class=\"wp-block-heading\"><strong>Foto\u00b7protest \u201eZeig auch du Gesicht zum Thema Inklusion\u201c<\/strong><\/h4>\n\n\n\n<p>Die Besucher konnten lustige Fotos machen.<br>Daf\u00fcr gab es eine&nbsp;Foto\u00b7box.<br>Auf den Fotos stand: Weil Vielfalt fetzt.<br>Die Bilder stehen auf der&nbsp;<a href=\"https:\/\/lag-selbsthilfe-sachsen.de\/marktderinklusion2022\/\">Internet\u00b7seite von der LAG SH Sachsen<\/a>.<\/p>\n\n\n\n<h4 class=\"wp-block-heading\"><strong>Vielen Dank an alle<\/strong><\/h4>\n\n\n\n<p>Es gab lange keine gro\u00dfen Aktionen mehr.<br>Vor allem wegen Corona.<br>Diese Aktion war sehr sch\u00f6n.<br>Es gab ein gro\u00dfes Gemeinschafts\u00b7gef\u00fchl.<\/p>\n\n\n\n<p><strong>Die LAG SH Sachsen m\u00f6chte danke sagen.<br>Allen Helfern und Teilnehmern.<br>Auch f\u00fcr Lob und Hinweise, wie man alles besser machen kann.<\/strong><\/p>\n\n\n\n<p>Es haben wichtige Menschen aus der&nbsp;<a href=\"https:\/\/inklusionsnetzwerk-sachsen.de\/de\/das-netz-werk\/woerterbuch\/begriffserklaerung\/politik\/35.html\">Politik<\/a>&nbsp;teilgenommen:<\/p>\n\n\n\n<ul class=\"wp-block-list\"><li>Michael Welsch<br>Das ist&nbsp;der Inklusions\u00b7beauftragte f\u00fcr Menschen mit Behinderung von Sachsen.<\/li><li>Stephan P\u00f6hler<br>Das ist&nbsp;der fr\u00fchere Behinderten\u00b7beauftragte von Sachsen.<\/li><li>Manuela Scharf<br>Das ist&nbsp;die Behinderten\u00b7beauftragte von&nbsp;Dresden.<\/li><li>Lydia Schmid<br>Das ist&nbsp;die Behinderten\u00b7beauftragte von der S\u00e4chsische Schweiz-Ost\u00b7erz\u00b7gebirge.<\/li><\/ul>\n\n\n\n<p>Das zeigt:&nbsp;die Aktion war wichtig f\u00fcr&nbsp;<dfn title=\"Inklusion hei\u00dft Gleichheit\"><a href=\"https:\/\/inklusionsnetzwerk-sachsen.de\/de\/das-netz-werk\/woerterbuch\/begriffserklaerung\/inklusion\/35.html\">Inklusion<\/a><\/dfn>.<br>Auch f\u00fcr die&nbsp;<a href=\"https:\/\/inklusionsnetzwerk-sachsen.de\/de\/das-netz-werk\/woerterbuch\/begriffserklaerung\/politik\/35.html\">Politik<\/a>.<\/p>\n\n\n\n<p>Der Markt der&nbsp;<dfn title=\"Inklusion hei\u00dft Gleichheit\"><a href=\"https:\/\/inklusionsnetzwerk-sachsen.de\/de\/das-netz-werk\/woerterbuch\/begriffserklaerung\/inklusion\/35.html\">Inklusion<\/a><\/dfn>&nbsp;war ein gro\u00dfer Erfolg.<br>Auch weil viele Menschen geholfen haben.<br>Wir w\u00fcrden uns sehr freuen.<br>Wenn Sie&nbsp;auch n\u00e4chstes Jahr wieder dabei sind.<\/p>\n\n\n\n<p>Die&nbsp;Aktion Mensch hat unsere Aktion unterst\u00fctzt.<\/p>\n\n\n\n<p><\/p>\n\n\n\n<figure class=\"wp-block-gallery has-nested-images columns-default is-cropped wp-block-gallery-1 is-layout-flex wp-block-gallery-is-layout-flex\">\n<figure class=\"wp-block-image size-large\"><img loading=\"lazy\" decoding=\"async\" width=\"2560\" height=\"1920\" data-id=\"5679\" src=\"https:\/\/lag-selbsthilfe-sachsen.de\/wp-content\/uploads\/2022\/05\/20220505_134922_Parcours-scaled.jpg\" alt=\"\" class=\"wp-image-5679\" srcset=\"https:\/\/lag-selbsthilfe-sachsen.de\/wp-content\/uploads\/2022\/05\/20220505_134922_Parcours-scaled.jpg 2560w, https:\/\/lag-selbsthilfe-sachsen.de\/wp-content\/uploads\/2022\/05\/20220505_134922_Parcours-300x225.jpg 300w, https:\/\/lag-selbsthilfe-sachsen.de\/wp-content\/uploads\/2022\/05\/20220505_134922_Parcours-1024x768.jpg 1024w, https:\/\/lag-selbsthilfe-sachsen.de\/wp-content\/uploads\/2022\/05\/20220505_134922_Parcours-768x576.jpg 768w, https:\/\/lag-selbsthilfe-sachsen.de\/wp-content\/uploads\/2022\/05\/20220505_134922_Parcours-1536x1152.jpg 1536w, https:\/\/lag-selbsthilfe-sachsen.de\/wp-content\/uploads\/2022\/05\/20220505_134922_Parcours-2048x1536.jpg 2048w\" sizes=\"auto, (max-width: 2560px) 100vw, 2560px\" \/><\/figure>\n\n\n\n<figure class=\"wp-block-image size-large\"><img loading=\"lazy\" decoding=\"async\" width=\"2560\" height=\"1920\" data-id=\"5677\" src=\"https:\/\/lag-selbsthilfe-sachsen.de\/wp-content\/uploads\/2022\/05\/20220505_152652_Stadtrundgang-1-scaled.jpg\" alt=\"\" class=\"wp-image-5677\" srcset=\"https:\/\/lag-selbsthilfe-sachsen.de\/wp-content\/uploads\/2022\/05\/20220505_152652_Stadtrundgang-1-scaled.jpg 2560w, https:\/\/lag-selbsthilfe-sachsen.de\/wp-content\/uploads\/2022\/05\/20220505_152652_Stadtrundgang-1-300x225.jpg 300w, https:\/\/lag-selbsthilfe-sachsen.de\/wp-content\/uploads\/2022\/05\/20220505_152652_Stadtrundgang-1-1024x768.jpg 1024w, https:\/\/lag-selbsthilfe-sachsen.de\/wp-content\/uploads\/2022\/05\/20220505_152652_Stadtrundgang-1-768x576.jpg 768w, https:\/\/lag-selbsthilfe-sachsen.de\/wp-content\/uploads\/2022\/05\/20220505_152652_Stadtrundgang-1-1536x1152.jpg 1536w, https:\/\/lag-selbsthilfe-sachsen.de\/wp-content\/uploads\/2022\/05\/20220505_152652_Stadtrundgang-1-2048x1536.jpg 2048w\" sizes=\"auto, (max-width: 2560px) 100vw, 2560px\" \/><\/figure>\n\n\n\n<figure class=\"wp-block-image size-large\"><img loading=\"lazy\" decoding=\"async\" width=\"2560\" height=\"1707\" data-id=\"5675\" src=\"https:\/\/lag-selbsthilfe-sachsen.de\/wp-content\/uploads\/2022\/05\/IMG_8868_k-scaled.jpg\" alt=\"\" class=\"wp-image-5675\" srcset=\"https:\/\/lag-selbsthilfe-sachsen.de\/wp-content\/uploads\/2022\/05\/IMG_8868_k-scaled.jpg 2560w, https:\/\/lag-selbsthilfe-sachsen.de\/wp-content\/uploads\/2022\/05\/IMG_8868_k-300x200.jpg 300w, https:\/\/lag-selbsthilfe-sachsen.de\/wp-content\/uploads\/2022\/05\/IMG_8868_k-1024x683.jpg 1024w, https:\/\/lag-selbsthilfe-sachsen.de\/wp-content\/uploads\/2022\/05\/IMG_8868_k-768x512.jpg 768w, https:\/\/lag-selbsthilfe-sachsen.de\/wp-content\/uploads\/2022\/05\/IMG_8868_k-1536x1024.jpg 1536w, https:\/\/lag-selbsthilfe-sachsen.de\/wp-content\/uploads\/2022\/05\/IMG_8868_k-2048x1365.jpg 2048w, https:\/\/lag-selbsthilfe-sachsen.de\/wp-content\/uploads\/2022\/05\/IMG_8868_k-670x446.jpg 670w, https:\/\/lag-selbsthilfe-sachsen.de\/wp-content\/uploads\/2022\/05\/IMG_8868_k-600x400.jpg 600w, https:\/\/lag-selbsthilfe-sachsen.de\/wp-content\/uploads\/2022\/05\/IMG_8868_k-480x320.jpg 480w, https:\/\/lag-selbsthilfe-sachsen.de\/wp-content\/uploads\/2022\/05\/IMG_8868_k-390x260.jpg 390w, https:\/\/lag-selbsthilfe-sachsen.de\/wp-content\/uploads\/2022\/05\/IMG_8868_k-285x190.jpg 285w\" sizes=\"auto, (max-width: 2560px) 100vw, 2560px\" \/><\/figure>\n\n\n\n<figure class=\"wp-block-image size-large\"><img loading=\"lazy\" decoding=\"async\" width=\"2560\" height=\"1707\" data-id=\"5673\" src=\"https:\/\/lag-selbsthilfe-sachsen.de\/wp-content\/uploads\/2022\/05\/IMG_8866_k-scaled.jpg\" alt=\"\" class=\"wp-image-5673\" srcset=\"https:\/\/lag-selbsthilfe-sachsen.de\/wp-content\/uploads\/2022\/05\/IMG_8866_k-scaled.jpg 2560w, https:\/\/lag-selbsthilfe-sachsen.de\/wp-content\/uploads\/2022\/05\/IMG_8866_k-300x200.jpg 300w, https:\/\/lag-selbsthilfe-sachsen.de\/wp-content\/uploads\/2022\/05\/IMG_8866_k-1024x683.jpg 1024w, https:\/\/lag-selbsthilfe-sachsen.de\/wp-content\/uploads\/2022\/05\/IMG_8866_k-768x512.jpg 768w, https:\/\/lag-selbsthilfe-sachsen.de\/wp-content\/uploads\/2022\/05\/IMG_8866_k-1536x1024.jpg 1536w, https:\/\/lag-selbsthilfe-sachsen.de\/wp-content\/uploads\/2022\/05\/IMG_8866_k-2048x1366.jpg 2048w, https:\/\/lag-selbsthilfe-sachsen.de\/wp-content\/uploads\/2022\/05\/IMG_8866_k-670x446.jpg 670w, https:\/\/lag-selbsthilfe-sachsen.de\/wp-content\/uploads\/2022\/05\/IMG_8866_k-600x400.jpg 600w, https:\/\/lag-selbsthilfe-sachsen.de\/wp-content\/uploads\/2022\/05\/IMG_8866_k-480x320.jpg 480w, https:\/\/lag-selbsthilfe-sachsen.de\/wp-content\/uploads\/2022\/05\/IMG_8866_k-390x260.jpg 390w, https:\/\/lag-selbsthilfe-sachsen.de\/wp-content\/uploads\/2022\/05\/IMG_8866_k-285x190.jpg 285w\" sizes=\"auto, (max-width: 2560px) 100vw, 2560px\" \/><\/figure>\n\n\n\n<figure class=\"wp-block-image size-large\"><img loading=\"lazy\" decoding=\"async\" width=\"2560\" height=\"1707\" data-id=\"5671\" src=\"https:\/\/lag-selbsthilfe-sachsen.de\/wp-content\/uploads\/2022\/05\/IMG_8867_k-scaled.jpg\" alt=\"\" class=\"wp-image-5671\" srcset=\"https:\/\/lag-selbsthilfe-sachsen.de\/wp-content\/uploads\/2022\/05\/IMG_8867_k-scaled.jpg 2560w, https:\/\/lag-selbsthilfe-sachsen.de\/wp-content\/uploads\/2022\/05\/IMG_8867_k-300x200.jpg 300w, https:\/\/lag-selbsthilfe-sachsen.de\/wp-content\/uploads\/2022\/05\/IMG_8867_k-1024x683.jpg 1024w, https:\/\/lag-selbsthilfe-sachsen.de\/wp-content\/uploads\/2022\/05\/IMG_8867_k-768x512.jpg 768w, https:\/\/lag-selbsthilfe-sachsen.de\/wp-content\/uploads\/2022\/05\/IMG_8867_k-1536x1024.jpg 1536w, https:\/\/lag-selbsthilfe-sachsen.de\/wp-content\/uploads\/2022\/05\/IMG_8867_k-2048x1365.jpg 2048w, https:\/\/lag-selbsthilfe-sachsen.de\/wp-content\/uploads\/2022\/05\/IMG_8867_k-670x446.jpg 670w, https:\/\/lag-selbsthilfe-sachsen.de\/wp-content\/uploads\/2022\/05\/IMG_8867_k-600x400.jpg 600w, https:\/\/lag-selbsthilfe-sachsen.de\/wp-content\/uploads\/2022\/05\/IMG_8867_k-480x320.jpg 480w, https:\/\/lag-selbsthilfe-sachsen.de\/wp-content\/uploads\/2022\/05\/IMG_8867_k-390x260.jpg 390w, https:\/\/lag-selbsthilfe-sachsen.de\/wp-content\/uploads\/2022\/05\/IMG_8867_k-285x190.jpg 285w\" sizes=\"auto, (max-width: 2560px) 100vw, 2560px\" \/><\/figure>\n\n\n\n<figure class=\"wp-block-image size-large\"><img loading=\"lazy\" decoding=\"async\" width=\"2560\" height=\"1707\" data-id=\"5669\" src=\"https:\/\/lag-selbsthilfe-sachsen.de\/wp-content\/uploads\/2022\/05\/IMG_8877_k-scaled.jpg\" alt=\"\" class=\"wp-image-5669\" srcset=\"https:\/\/lag-selbsthilfe-sachsen.de\/wp-content\/uploads\/2022\/05\/IMG_8877_k-scaled.jpg 2560w, https:\/\/lag-selbsthilfe-sachsen.de\/wp-content\/uploads\/2022\/05\/IMG_8877_k-300x200.jpg 300w, https:\/\/lag-selbsthilfe-sachsen.de\/wp-content\/uploads\/2022\/05\/IMG_8877_k-1024x683.jpg 1024w, https:\/\/lag-selbsthilfe-sachsen.de\/wp-content\/uploads\/2022\/05\/IMG_8877_k-768x512.jpg 768w, https:\/\/lag-selbsthilfe-sachsen.de\/wp-content\/uploads\/2022\/05\/IMG_8877_k-1536x1024.jpg 1536w, https:\/\/lag-selbsthilfe-sachsen.de\/wp-content\/uploads\/2022\/05\/IMG_8877_k-2048x1365.jpg 2048w, https:\/\/lag-selbsthilfe-sachsen.de\/wp-content\/uploads\/2022\/05\/IMG_8877_k-670x446.jpg 670w, https:\/\/lag-selbsthilfe-sachsen.de\/wp-content\/uploads\/2022\/05\/IMG_8877_k-600x400.jpg 600w, https:\/\/lag-selbsthilfe-sachsen.de\/wp-content\/uploads\/2022\/05\/IMG_8877_k-480x320.jpg 480w, https:\/\/lag-selbsthilfe-sachsen.de\/wp-content\/uploads\/2022\/05\/IMG_8877_k-390x260.jpg 390w, https:\/\/lag-selbsthilfe-sachsen.de\/wp-content\/uploads\/2022\/05\/IMG_8877_k-285x190.jpg 285w\" sizes=\"auto, (max-width: 2560px) 100vw, 2560px\" \/><\/figure>\n\n\n\n<figure class=\"wp-block-image size-large\"><img loading=\"lazy\" decoding=\"async\" width=\"1707\" height=\"2560\" data-id=\"5667\" src=\"https:\/\/lag-selbsthilfe-sachsen.de\/wp-content\/uploads\/2022\/05\/IMG_8872_k-1-scaled.jpg\" alt=\"\" class=\"wp-image-5667\" srcset=\"https:\/\/lag-selbsthilfe-sachsen.de\/wp-content\/uploads\/2022\/05\/IMG_8872_k-1-scaled.jpg 1707w, https:\/\/lag-selbsthilfe-sachsen.de\/wp-content\/uploads\/2022\/05\/IMG_8872_k-1-200x300.jpg 200w, https:\/\/lag-selbsthilfe-sachsen.de\/wp-content\/uploads\/2022\/05\/IMG_8872_k-1-683x1024.jpg 683w, https:\/\/lag-selbsthilfe-sachsen.de\/wp-content\/uploads\/2022\/05\/IMG_8872_k-1-768x1152.jpg 768w, https:\/\/lag-selbsthilfe-sachsen.de\/wp-content\/uploads\/2022\/05\/IMG_8872_k-1-1024x1536.jpg 1024w, https:\/\/lag-selbsthilfe-sachsen.de\/wp-content\/uploads\/2022\/05\/IMG_8872_k-1-1365x2048.jpg 1365w\" sizes=\"auto, (max-width: 1707px) 100vw, 1707px\" \/><\/figure>\n\n\n\n<figure class=\"wp-block-image size-large\"><img loading=\"lazy\" decoding=\"async\" width=\"2560\" height=\"1706\" data-id=\"5665\" src=\"https:\/\/lag-selbsthilfe-sachsen.de\/wp-content\/uploads\/2022\/05\/IMG_8869._kjpg-scaled.jpg\" alt=\"\" class=\"wp-image-5665\" srcset=\"https:\/\/lag-selbsthilfe-sachsen.de\/wp-content\/uploads\/2022\/05\/IMG_8869._kjpg-scaled.jpg 2560w, https:\/\/lag-selbsthilfe-sachsen.de\/wp-content\/uploads\/2022\/05\/IMG_8869._kjpg-300x200.jpg 300w, https:\/\/lag-selbsthilfe-sachsen.de\/wp-content\/uploads\/2022\/05\/IMG_8869._kjpg-1024x683.jpg 1024w, https:\/\/lag-selbsthilfe-sachsen.de\/wp-content\/uploads\/2022\/05\/IMG_8869._kjpg-768x512.jpg 768w, https:\/\/lag-selbsthilfe-sachsen.de\/wp-content\/uploads\/2022\/05\/IMG_8869._kjpg-1536x1024.jpg 1536w, https:\/\/lag-selbsthilfe-sachsen.de\/wp-content\/uploads\/2022\/05\/IMG_8869._kjpg-2048x1365.jpg 2048w, https:\/\/lag-selbsthilfe-sachsen.de\/wp-content\/uploads\/2022\/05\/IMG_8869._kjpg-670x446.jpg 670w, https:\/\/lag-selbsthilfe-sachsen.de\/wp-content\/uploads\/2022\/05\/IMG_8869._kjpg-600x400.jpg 600w, https:\/\/lag-selbsthilfe-sachsen.de\/wp-content\/uploads\/2022\/05\/IMG_8869._kjpg-480x320.jpg 480w, https:\/\/lag-selbsthilfe-sachsen.de\/wp-content\/uploads\/2022\/05\/IMG_8869._kjpg-390x260.jpg 390w, https:\/\/lag-selbsthilfe-sachsen.de\/wp-content\/uploads\/2022\/05\/IMG_8869._kjpg-285x190.jpg 285w\" sizes=\"auto, (max-width: 2560px) 100vw, 2560px\" \/><\/figure>\n\n\n\n<figure class=\"wp-block-image size-large\"><img loading=\"lazy\" decoding=\"async\" width=\"2560\" height=\"1706\" data-id=\"5663\" src=\"https:\/\/lag-selbsthilfe-sachsen.de\/wp-content\/uploads\/2022\/05\/IMG_8840_k-scaled.jpg\" alt=\"\" class=\"wp-image-5663\" srcset=\"https:\/\/lag-selbsthilfe-sachsen.de\/wp-content\/uploads\/2022\/05\/IMG_8840_k-scaled.jpg 2560w, https:\/\/lag-selbsthilfe-sachsen.de\/wp-content\/uploads\/2022\/05\/IMG_8840_k-300x200.jpg 300w, https:\/\/lag-selbsthilfe-sachsen.de\/wp-content\/uploads\/2022\/05\/IMG_8840_k-1024x683.jpg 1024w, https:\/\/lag-selbsthilfe-sachsen.de\/wp-content\/uploads\/2022\/05\/IMG_8840_k-768x512.jpg 768w, https:\/\/lag-selbsthilfe-sachsen.de\/wp-content\/uploads\/2022\/05\/IMG_8840_k-1536x1024.jpg 1536w, https:\/\/lag-selbsthilfe-sachsen.de\/wp-content\/uploads\/2022\/05\/IMG_8840_k-2048x1365.jpg 2048w, https:\/\/lag-selbsthilfe-sachsen.de\/wp-content\/uploads\/2022\/05\/IMG_8840_k-670x446.jpg 670w, https:\/\/lag-selbsthilfe-sachsen.de\/wp-content\/uploads\/2022\/05\/IMG_8840_k-600x400.jpg 600w, https:\/\/lag-selbsthilfe-sachsen.de\/wp-content\/uploads\/2022\/05\/IMG_8840_k-480x320.jpg 480w, https:\/\/lag-selbsthilfe-sachsen.de\/wp-content\/uploads\/2022\/05\/IMG_8840_k-390x260.jpg 390w, https:\/\/lag-selbsthilfe-sachsen.de\/wp-content\/uploads\/2022\/05\/IMG_8840_k-285x190.jpg 285w\" sizes=\"auto, (max-width: 2560px) 100vw, 2560px\" \/><\/figure>\n\n\n\n<figure class=\"wp-block-image size-large\"><img loading=\"lazy\" decoding=\"async\" width=\"2560\" height=\"1706\" data-id=\"5645\" src=\"https:\/\/lag-selbsthilfe-sachsen.de\/wp-content\/uploads\/2022\/05\/IMG_8861_k-scaled.jpg\" alt=\"\" class=\"wp-image-5645\" srcset=\"https:\/\/lag-selbsthilfe-sachsen.de\/wp-content\/uploads\/2022\/05\/IMG_8861_k-scaled.jpg 2560w, https:\/\/lag-selbsthilfe-sachsen.de\/wp-content\/uploads\/2022\/05\/IMG_8861_k-300x200.jpg 300w, https:\/\/lag-selbsthilfe-sachsen.de\/wp-content\/uploads\/2022\/05\/IMG_8861_k-1024x683.jpg 1024w, https:\/\/lag-selbsthilfe-sachsen.de\/wp-content\/uploads\/2022\/05\/IMG_8861_k-768x512.jpg 768w, https:\/\/lag-selbsthilfe-sachsen.de\/wp-content\/uploads\/2022\/05\/IMG_8861_k-1536x1024.jpg 1536w, https:\/\/lag-selbsthilfe-sachsen.de\/wp-content\/uploads\/2022\/05\/IMG_8861_k-2048x1365.jpg 2048w, https:\/\/lag-selbsthilfe-sachsen.de\/wp-content\/uploads\/2022\/05\/IMG_8861_k-670x446.jpg 670w, https:\/\/lag-selbsthilfe-sachsen.de\/wp-content\/uploads\/2022\/05\/IMG_8861_k-600x400.jpg 600w, https:\/\/lag-selbsthilfe-sachsen.de\/wp-content\/uploads\/2022\/05\/IMG_8861_k-480x320.jpg 480w, https:\/\/lag-selbsthilfe-sachsen.de\/wp-content\/uploads\/2022\/05\/IMG_8861_k-390x260.jpg 390w, https:\/\/lag-selbsthilfe-sachsen.de\/wp-content\/uploads\/2022\/05\/IMG_8861_k-285x190.jpg 285w\" sizes=\"auto, (max-width: 2560px) 100vw, 2560px\" \/><\/figure>\n\n\n\n<figure class=\"wp-block-image size-large\"><img loading=\"lazy\" decoding=\"async\" width=\"2560\" height=\"1707\" data-id=\"5647\" src=\"https:\/\/lag-selbsthilfe-sachsen.de\/wp-content\/uploads\/2022\/05\/IMG_8859_k-scaled.jpg\" alt=\"\" class=\"wp-image-5647\" srcset=\"https:\/\/lag-selbsthilfe-sachsen.de\/wp-content\/uploads\/2022\/05\/IMG_8859_k-scaled.jpg 2560w, https:\/\/lag-selbsthilfe-sachsen.de\/wp-content\/uploads\/2022\/05\/IMG_8859_k-300x200.jpg 300w, https:\/\/lag-selbsthilfe-sachsen.de\/wp-content\/uploads\/2022\/05\/IMG_8859_k-1024x683.jpg 1024w, https:\/\/lag-selbsthilfe-sachsen.de\/wp-content\/uploads\/2022\/05\/IMG_8859_k-768x512.jpg 768w, https:\/\/lag-selbsthilfe-sachsen.de\/wp-content\/uploads\/2022\/05\/IMG_8859_k-1536x1024.jpg 1536w, https:\/\/lag-selbsthilfe-sachsen.de\/wp-content\/uploads\/2022\/05\/IMG_8859_k-2048x1365.jpg 2048w, https:\/\/lag-selbsthilfe-sachsen.de\/wp-content\/uploads\/2022\/05\/IMG_8859_k-670x446.jpg 670w, https:\/\/lag-selbsthilfe-sachsen.de\/wp-content\/uploads\/2022\/05\/IMG_8859_k-600x400.jpg 600w, https:\/\/lag-selbsthilfe-sachsen.de\/wp-content\/uploads\/2022\/05\/IMG_8859_k-480x320.jpg 480w, https:\/\/lag-selbsthilfe-sachsen.de\/wp-content\/uploads\/2022\/05\/IMG_8859_k-390x260.jpg 390w, https:\/\/lag-selbsthilfe-sachsen.de\/wp-content\/uploads\/2022\/05\/IMG_8859_k-285x190.jpg 285w\" sizes=\"auto, (max-width: 2560px) 100vw, 2560px\" \/><\/figure>\n\n\n\n<figure class=\"wp-block-image size-large\"><img loading=\"lazy\" decoding=\"async\" width=\"2560\" height=\"1707\" data-id=\"5649\" src=\"https:\/\/lag-selbsthilfe-sachsen.de\/wp-content\/uploads\/2022\/05\/IMG_8833_k-scaled.jpg\" alt=\"\" class=\"wp-image-5649\" srcset=\"https:\/\/lag-selbsthilfe-sachsen.de\/wp-content\/uploads\/2022\/05\/IMG_8833_k-scaled.jpg 2560w, https:\/\/lag-selbsthilfe-sachsen.de\/wp-content\/uploads\/2022\/05\/IMG_8833_k-300x200.jpg 300w, https:\/\/lag-selbsthilfe-sachsen.de\/wp-content\/uploads\/2022\/05\/IMG_8833_k-1024x683.jpg 1024w, https:\/\/lag-selbsthilfe-sachsen.de\/wp-content\/uploads\/2022\/05\/IMG_8833_k-768x512.jpg 768w, https:\/\/lag-selbsthilfe-sachsen.de\/wp-content\/uploads\/2022\/05\/IMG_8833_k-1536x1024.jpg 1536w, https:\/\/lag-selbsthilfe-sachsen.de\/wp-content\/uploads\/2022\/05\/IMG_8833_k-2048x1365.jpg 2048w, https:\/\/lag-selbsthilfe-sachsen.de\/wp-content\/uploads\/2022\/05\/IMG_8833_k-670x446.jpg 670w, https:\/\/lag-selbsthilfe-sachsen.de\/wp-content\/uploads\/2022\/05\/IMG_8833_k-600x400.jpg 600w, https:\/\/lag-selbsthilfe-sachsen.de\/wp-content\/uploads\/2022\/05\/IMG_8833_k-480x320.jpg 480w, https:\/\/lag-selbsthilfe-sachsen.de\/wp-content\/uploads\/2022\/05\/IMG_8833_k-390x260.jpg 390w, https:\/\/lag-selbsthilfe-sachsen.de\/wp-content\/uploads\/2022\/05\/IMG_8833_k-285x190.jpg 285w\" sizes=\"auto, (max-width: 2560px) 100vw, 2560px\" \/><\/figure>\n\n\n\n<figure class=\"wp-block-image size-large\"><img loading=\"lazy\" decoding=\"async\" width=\"2560\" height=\"1707\" data-id=\"5653\" src=\"https:\/\/lag-selbsthilfe-sachsen.de\/wp-content\/uploads\/2022\/05\/IMG_8880_k-scaled.jpg\" alt=\"\" class=\"wp-image-5653\" srcset=\"https:\/\/lag-selbsthilfe-sachsen.de\/wp-content\/uploads\/2022\/05\/IMG_8880_k-scaled.jpg 2560w, https:\/\/lag-selbsthilfe-sachsen.de\/wp-content\/uploads\/2022\/05\/IMG_8880_k-300x200.jpg 300w, https:\/\/lag-selbsthilfe-sachsen.de\/wp-content\/uploads\/2022\/05\/IMG_8880_k-1024x683.jpg 1024w, https:\/\/lag-selbsthilfe-sachsen.de\/wp-content\/uploads\/2022\/05\/IMG_8880_k-768x512.jpg 768w, https:\/\/lag-selbsthilfe-sachsen.de\/wp-content\/uploads\/2022\/05\/IMG_8880_k-1536x1024.jpg 1536w, https:\/\/lag-selbsthilfe-sachsen.de\/wp-content\/uploads\/2022\/05\/IMG_8880_k-2048x1365.jpg 2048w, https:\/\/lag-selbsthilfe-sachsen.de\/wp-content\/uploads\/2022\/05\/IMG_8880_k-670x446.jpg 670w, https:\/\/lag-selbsthilfe-sachsen.de\/wp-content\/uploads\/2022\/05\/IMG_8880_k-600x400.jpg 600w, https:\/\/lag-selbsthilfe-sachsen.de\/wp-content\/uploads\/2022\/05\/IMG_8880_k-480x320.jpg 480w, https:\/\/lag-selbsthilfe-sachsen.de\/wp-content\/uploads\/2022\/05\/IMG_8880_k-390x260.jpg 390w, https:\/\/lag-selbsthilfe-sachsen.de\/wp-content\/uploads\/2022\/05\/IMG_8880_k-285x190.jpg 285w\" sizes=\"auto, (max-width: 2560px) 100vw, 2560px\" \/><\/figure>\n\n\n\n<figure class=\"wp-block-image size-large\"><img loading=\"lazy\" decoding=\"async\" width=\"2560\" height=\"1707\" data-id=\"5651\" src=\"https:\/\/lag-selbsthilfe-sachsen.de\/wp-content\/uploads\/2022\/05\/IMG_8837_k-scaled.jpg\" alt=\"\" class=\"wp-image-5651\" srcset=\"https:\/\/lag-selbsthilfe-sachsen.de\/wp-content\/uploads\/2022\/05\/IMG_8837_k-scaled.jpg 2560w, https:\/\/lag-selbsthilfe-sachsen.de\/wp-content\/uploads\/2022\/05\/IMG_8837_k-300x200.jpg 300w, https:\/\/lag-selbsthilfe-sachsen.de\/wp-content\/uploads\/2022\/05\/IMG_8837_k-1024x683.jpg 1024w, https:\/\/lag-selbsthilfe-sachsen.de\/wp-content\/uploads\/2022\/05\/IMG_8837_k-768x512.jpg 768w, https:\/\/lag-selbsthilfe-sachsen.de\/wp-content\/uploads\/2022\/05\/IMG_8837_k-1536x1024.jpg 1536w, https:\/\/lag-selbsthilfe-sachsen.de\/wp-content\/uploads\/2022\/05\/IMG_8837_k-2048x1365.jpg 2048w, https:\/\/lag-selbsthilfe-sachsen.de\/wp-content\/uploads\/2022\/05\/IMG_8837_k-670x446.jpg 670w, https:\/\/lag-selbsthilfe-sachsen.de\/wp-content\/uploads\/2022\/05\/IMG_8837_k-600x400.jpg 600w, https:\/\/lag-selbsthilfe-sachsen.de\/wp-content\/uploads\/2022\/05\/IMG_8837_k-480x320.jpg 480w, https:\/\/lag-selbsthilfe-sachsen.de\/wp-content\/uploads\/2022\/05\/IMG_8837_k-390x260.jpg 390w, https:\/\/lag-selbsthilfe-sachsen.de\/wp-content\/uploads\/2022\/05\/IMG_8837_k-285x190.jpg 285w\" sizes=\"auto, (max-width: 2560px) 100vw, 2560px\" \/><\/figure>\n\n\n\n<figure class=\"wp-block-image size-large\"><img loading=\"lazy\" decoding=\"async\" width=\"2560\" height=\"1707\" data-id=\"5655\" src=\"https:\/\/lag-selbsthilfe-sachsen.de\/wp-content\/uploads\/2022\/05\/IMG_8864_k-scaled.jpg\" alt=\"\" class=\"wp-image-5655\" srcset=\"https:\/\/lag-selbsthilfe-sachsen.de\/wp-content\/uploads\/2022\/05\/IMG_8864_k-scaled.jpg 2560w, https:\/\/lag-selbsthilfe-sachsen.de\/wp-content\/uploads\/2022\/05\/IMG_8864_k-300x200.jpg 300w, https:\/\/lag-selbsthilfe-sachsen.de\/wp-content\/uploads\/2022\/05\/IMG_8864_k-1024x683.jpg 1024w, https:\/\/lag-selbsthilfe-sachsen.de\/wp-content\/uploads\/2022\/05\/IMG_8864_k-768x512.jpg 768w, https:\/\/lag-selbsthilfe-sachsen.de\/wp-content\/uploads\/2022\/05\/IMG_8864_k-1536x1024.jpg 1536w, https:\/\/lag-selbsthilfe-sachsen.de\/wp-content\/uploads\/2022\/05\/IMG_8864_k-2048x1366.jpg 2048w, https:\/\/lag-selbsthilfe-sachsen.de\/wp-content\/uploads\/2022\/05\/IMG_8864_k-670x446.jpg 670w, https:\/\/lag-selbsthilfe-sachsen.de\/wp-content\/uploads\/2022\/05\/IMG_8864_k-600x400.jpg 600w, https:\/\/lag-selbsthilfe-sachsen.de\/wp-content\/uploads\/2022\/05\/IMG_8864_k-480x320.jpg 480w, https:\/\/lag-selbsthilfe-sachsen.de\/wp-content\/uploads\/2022\/05\/IMG_8864_k-390x260.jpg 390w, https:\/\/lag-selbsthilfe-sachsen.de\/wp-content\/uploads\/2022\/05\/IMG_8864_k-285x190.jpg 285w\" sizes=\"auto, (max-width: 2560px) 100vw, 2560px\" \/><\/figure>\n\n\n\n<figure class=\"wp-block-image size-large\"><img loading=\"lazy\" decoding=\"async\" width=\"2560\" height=\"1707\" data-id=\"5657\" src=\"https:\/\/lag-selbsthilfe-sachsen.de\/wp-content\/uploads\/2022\/05\/IMG_8863_k-scaled.jpg\" alt=\"\" class=\"wp-image-5657\" srcset=\"https:\/\/lag-selbsthilfe-sachsen.de\/wp-content\/uploads\/2022\/05\/IMG_8863_k-scaled.jpg 2560w, https:\/\/lag-selbsthilfe-sachsen.de\/wp-content\/uploads\/2022\/05\/IMG_8863_k-300x200.jpg 300w, https:\/\/lag-selbsthilfe-sachsen.de\/wp-content\/uploads\/2022\/05\/IMG_8863_k-1024x683.jpg 1024w, https:\/\/lag-selbsthilfe-sachsen.de\/wp-content\/uploads\/2022\/05\/IMG_8863_k-768x512.jpg 768w, https:\/\/lag-selbsthilfe-sachsen.de\/wp-content\/uploads\/2022\/05\/IMG_8863_k-1536x1024.jpg 1536w, https:\/\/lag-selbsthilfe-sachsen.de\/wp-content\/uploads\/2022\/05\/IMG_8863_k-2048x1366.jpg 2048w, https:\/\/lag-selbsthilfe-sachsen.de\/wp-content\/uploads\/2022\/05\/IMG_8863_k-670x446.jpg 670w, https:\/\/lag-selbsthilfe-sachsen.de\/wp-content\/uploads\/2022\/05\/IMG_8863_k-600x400.jpg 600w, https:\/\/lag-selbsthilfe-sachsen.de\/wp-content\/uploads\/2022\/05\/IMG_8863_k-480x320.jpg 480w, https:\/\/lag-selbsthilfe-sachsen.de\/wp-content\/uploads\/2022\/05\/IMG_8863_k-390x260.jpg 390w, https:\/\/lag-selbsthilfe-sachsen.de\/wp-content\/uploads\/2022\/05\/IMG_8863_k-285x190.jpg 285w\" sizes=\"auto, (max-width: 2560px) 100vw, 2560px\" \/><\/figure>\n\n\n\n<figure class=\"wp-block-image size-large\"><img loading=\"lazy\" decoding=\"async\" width=\"2560\" height=\"1707\" data-id=\"5659\" src=\"https:\/\/lag-selbsthilfe-sachsen.de\/wp-content\/uploads\/2022\/05\/IMG_8843_k-scaled.jpg\" alt=\"\" class=\"wp-image-5659\" srcset=\"https:\/\/lag-selbsthilfe-sachsen.de\/wp-content\/uploads\/2022\/05\/IMG_8843_k-scaled.jpg 2560w, https:\/\/lag-selbsthilfe-sachsen.de\/wp-content\/uploads\/2022\/05\/IMG_8843_k-300x200.jpg 300w, https:\/\/lag-selbsthilfe-sachsen.de\/wp-content\/uploads\/2022\/05\/IMG_8843_k-1024x683.jpg 1024w, https:\/\/lag-selbsthilfe-sachsen.de\/wp-content\/uploads\/2022\/05\/IMG_8843_k-768x512.jpg 768w, https:\/\/lag-selbsthilfe-sachsen.de\/wp-content\/uploads\/2022\/05\/IMG_8843_k-1536x1024.jpg 1536w, https:\/\/lag-selbsthilfe-sachsen.de\/wp-content\/uploads\/2022\/05\/IMG_8843_k-2048x1365.jpg 2048w, https:\/\/lag-selbsthilfe-sachsen.de\/wp-content\/uploads\/2022\/05\/IMG_8843_k-670x446.jpg 670w, https:\/\/lag-selbsthilfe-sachsen.de\/wp-content\/uploads\/2022\/05\/IMG_8843_k-600x400.jpg 600w, https:\/\/lag-selbsthilfe-sachsen.de\/wp-content\/uploads\/2022\/05\/IMG_8843_k-480x320.jpg 480w, https:\/\/lag-selbsthilfe-sachsen.de\/wp-content\/uploads\/2022\/05\/IMG_8843_k-390x260.jpg 390w, https:\/\/lag-selbsthilfe-sachsen.de\/wp-content\/uploads\/2022\/05\/IMG_8843_k-285x190.jpg 285w\" sizes=\"auto, (max-width: 2560px) 100vw, 2560px\" \/><\/figure>\n\n\n\n<figure class=\"wp-block-image size-large\"><img loading=\"lazy\" decoding=\"async\" width=\"2560\" height=\"1707\" data-id=\"5661\" src=\"https:\/\/lag-selbsthilfe-sachsen.de\/wp-content\/uploads\/2022\/05\/IMG_8834_k-scaled.jpg\" alt=\"\" class=\"wp-image-5661\" srcset=\"https:\/\/lag-selbsthilfe-sachsen.de\/wp-content\/uploads\/2022\/05\/IMG_8834_k-scaled.jpg 2560w, https:\/\/lag-selbsthilfe-sachsen.de\/wp-content\/uploads\/2022\/05\/IMG_8834_k-300x200.jpg 300w, https:\/\/lag-selbsthilfe-sachsen.de\/wp-content\/uploads\/2022\/05\/IMG_8834_k-1024x683.jpg 1024w, https:\/\/lag-selbsthilfe-sachsen.de\/wp-content\/uploads\/2022\/05\/IMG_8834_k-768x512.jpg 768w, https:\/\/lag-selbsthilfe-sachsen.de\/wp-content\/uploads\/2022\/05\/IMG_8834_k-1536x1024.jpg 1536w, https:\/\/lag-selbsthilfe-sachsen.de\/wp-content\/uploads\/2022\/05\/IMG_8834_k-2048x1365.jpg 2048w, https:\/\/lag-selbsthilfe-sachsen.de\/wp-content\/uploads\/2022\/05\/IMG_8834_k-670x446.jpg 670w, https:\/\/lag-selbsthilfe-sachsen.de\/wp-content\/uploads\/2022\/05\/IMG_8834_k-600x400.jpg 600w, https:\/\/lag-selbsthilfe-sachsen.de\/wp-content\/uploads\/2022\/05\/IMG_8834_k-480x320.jpg 480w, https:\/\/lag-selbsthilfe-sachsen.de\/wp-content\/uploads\/2022\/05\/IMG_8834_k-390x260.jpg 390w, https:\/\/lag-selbsthilfe-sachsen.de\/wp-content\/uploads\/2022\/05\/IMG_8834_k-285x190.jpg 285w\" sizes=\"auto, (max-width: 2560px) 100vw, 2560px\" \/><\/figure>\n\n\n\n<figure class=\"wp-block-image size-large\"><img loading=\"lazy\" decoding=\"async\" width=\"1707\" height=\"2560\" data-id=\"5643\" src=\"https:\/\/lag-selbsthilfe-sachsen.de\/wp-content\/uploads\/2022\/05\/IMG_8853_k-1-scaled.jpg\" alt=\"\" class=\"wp-image-5643\" srcset=\"https:\/\/lag-selbsthilfe-sachsen.de\/wp-content\/uploads\/2022\/05\/IMG_8853_k-1-scaled.jpg 1707w, https:\/\/lag-selbsthilfe-sachsen.de\/wp-content\/uploads\/2022\/05\/IMG_8853_k-1-200x300.jpg 200w, https:\/\/lag-selbsthilfe-sachsen.de\/wp-content\/uploads\/2022\/05\/IMG_8853_k-1-683x1024.jpg 683w, https:\/\/lag-selbsthilfe-sachsen.de\/wp-content\/uploads\/2022\/05\/IMG_8853_k-1-768x1152.jpg 768w, https:\/\/lag-selbsthilfe-sachsen.de\/wp-content\/uploads\/2022\/05\/IMG_8853_k-1-1024x1536.jpg 1024w, https:\/\/lag-selbsthilfe-sachsen.de\/wp-content\/uploads\/2022\/05\/IMG_8853_k-1-1365x2048.jpg 1365w\" sizes=\"auto, (max-width: 1707px) 100vw, 1707px\" \/><\/figure>\n\n\n\n<figure class=\"wp-block-image size-large\"><img loading=\"lazy\" decoding=\"async\" width=\"1181\" height=\"785\" data-id=\"5641\" src=\"https:\/\/lag-selbsthilfe-sachsen.de\/wp-content\/uploads\/2022\/05\/IMGP7763_k-1.jpg\" alt=\"\" class=\"wp-image-5641\" srcset=\"https:\/\/lag-selbsthilfe-sachsen.de\/wp-content\/uploads\/2022\/05\/IMGP7763_k-1.jpg 1181w, https:\/\/lag-selbsthilfe-sachsen.de\/wp-content\/uploads\/2022\/05\/IMGP7763_k-1-300x199.jpg 300w, https:\/\/lag-selbsthilfe-sachsen.de\/wp-content\/uploads\/2022\/05\/IMGP7763_k-1-1024x681.jpg 1024w, https:\/\/lag-selbsthilfe-sachsen.de\/wp-content\/uploads\/2022\/05\/IMGP7763_k-1-768x510.jpg 768w, https:\/\/lag-selbsthilfe-sachsen.de\/wp-content\/uploads\/2022\/05\/IMGP7763_k-1-670x446.jpg 670w, https:\/\/lag-selbsthilfe-sachsen.de\/wp-content\/uploads\/2022\/05\/IMGP7763_k-1-600x400.jpg 600w, https:\/\/lag-selbsthilfe-sachsen.de\/wp-content\/uploads\/2022\/05\/IMGP7763_k-1-480x320.jpg 480w, https:\/\/lag-selbsthilfe-sachsen.de\/wp-content\/uploads\/2022\/05\/IMGP7763_k-1-390x260.jpg 390w, https:\/\/lag-selbsthilfe-sachsen.de\/wp-content\/uploads\/2022\/05\/IMGP7763_k-1-285x190.jpg 285w\" sizes=\"auto, (max-width: 1181px) 100vw, 1181px\" \/><\/figure>\n\n\n\n<figure class=\"wp-block-image size-large\"><img loading=\"lazy\" decoding=\"async\" width=\"1181\" height=\"787\" data-id=\"5639\" src=\"https:\/\/lag-selbsthilfe-sachsen.de\/wp-content\/uploads\/2022\/05\/IMGP7682_k.jpg\" alt=\"\" class=\"wp-image-5639\" srcset=\"https:\/\/lag-selbsthilfe-sachsen.de\/wp-content\/uploads\/2022\/05\/IMGP7682_k.jpg 1181w, https:\/\/lag-selbsthilfe-sachsen.de\/wp-content\/uploads\/2022\/05\/IMGP7682_k-300x200.jpg 300w, https:\/\/lag-selbsthilfe-sachsen.de\/wp-content\/uploads\/2022\/05\/IMGP7682_k-1024x682.jpg 1024w, https:\/\/lag-selbsthilfe-sachsen.de\/wp-content\/uploads\/2022\/05\/IMGP7682_k-768x512.jpg 768w, https:\/\/lag-selbsthilfe-sachsen.de\/wp-content\/uploads\/2022\/05\/IMGP7682_k-670x446.jpg 670w, https:\/\/lag-selbsthilfe-sachsen.de\/wp-content\/uploads\/2022\/05\/IMGP7682_k-600x400.jpg 600w, https:\/\/lag-selbsthilfe-sachsen.de\/wp-content\/uploads\/2022\/05\/IMGP7682_k-480x320.jpg 480w, https:\/\/lag-selbsthilfe-sachsen.de\/wp-content\/uploads\/2022\/05\/IMGP7682_k-390x260.jpg 390w, https:\/\/lag-selbsthilfe-sachsen.de\/wp-content\/uploads\/2022\/05\/IMGP7682_k-285x190.jpg 285w\" sizes=\"auto, (max-width: 1181px) 100vw, 1181px\" \/><\/figure>\n\n\n\n<figure class=\"wp-block-image size-large\"><img loading=\"lazy\" decoding=\"async\" width=\"787\" height=\"1181\" data-id=\"5637\" src=\"https:\/\/lag-selbsthilfe-sachsen.de\/wp-content\/uploads\/2022\/05\/IMGP7734_k.jpg\" alt=\"\" class=\"wp-image-5637\" srcset=\"https:\/\/lag-selbsthilfe-sachsen.de\/wp-content\/uploads\/2022\/05\/IMGP7734_k.jpg 787w, https:\/\/lag-selbsthilfe-sachsen.de\/wp-content\/uploads\/2022\/05\/IMGP7734_k-200x300.jpg 200w, https:\/\/lag-selbsthilfe-sachsen.de\/wp-content\/uploads\/2022\/05\/IMGP7734_k-682x1024.jpg 682w, https:\/\/lag-selbsthilfe-sachsen.de\/wp-content\/uploads\/2022\/05\/IMGP7734_k-768x1152.jpg 768w\" sizes=\"auto, (max-width: 787px) 100vw, 787px\" \/><\/figure>\n\n\n\n<figure class=\"wp-block-image size-large\"><img loading=\"lazy\" decoding=\"async\" width=\"1181\" height=\"787\" data-id=\"5635\" src=\"https:\/\/lag-selbsthilfe-sachsen.de\/wp-content\/uploads\/2022\/05\/IMGP7683_k.jpg\" alt=\"\" class=\"wp-image-5635\" srcset=\"https:\/\/lag-selbsthilfe-sachsen.de\/wp-content\/uploads\/2022\/05\/IMGP7683_k.jpg 1181w, https:\/\/lag-selbsthilfe-sachsen.de\/wp-content\/uploads\/2022\/05\/IMGP7683_k-300x200.jpg 300w, https:\/\/lag-selbsthilfe-sachsen.de\/wp-content\/uploads\/2022\/05\/IMGP7683_k-1024x682.jpg 1024w, https:\/\/lag-selbsthilfe-sachsen.de\/wp-content\/uploads\/2022\/05\/IMGP7683_k-768x512.jpg 768w, https:\/\/lag-selbsthilfe-sachsen.de\/wp-content\/uploads\/2022\/05\/IMGP7683_k-670x446.jpg 670w, https:\/\/lag-selbsthilfe-sachsen.de\/wp-content\/uploads\/2022\/05\/IMGP7683_k-600x400.jpg 600w, https:\/\/lag-selbsthilfe-sachsen.de\/wp-content\/uploads\/2022\/05\/IMGP7683_k-480x320.jpg 480w, https:\/\/lag-selbsthilfe-sachsen.de\/wp-content\/uploads\/2022\/05\/IMGP7683_k-390x260.jpg 390w, https:\/\/lag-selbsthilfe-sachsen.de\/wp-content\/uploads\/2022\/05\/IMGP7683_k-285x190.jpg 285w\" sizes=\"auto, (max-width: 1181px) 100vw, 1181px\" \/><\/figure>\n\n\n\n<figure class=\"wp-block-image size-large\"><img loading=\"lazy\" decoding=\"async\" width=\"784\" height=\"1181\" data-id=\"5633\" src=\"https:\/\/lag-selbsthilfe-sachsen.de\/wp-content\/uploads\/2022\/05\/IMGP7744_k.jpg\" alt=\"\" class=\"wp-image-5633\" srcset=\"https:\/\/lag-selbsthilfe-sachsen.de\/wp-content\/uploads\/2022\/05\/IMGP7744_k.jpg 784w, https:\/\/lag-selbsthilfe-sachsen.de\/wp-content\/uploads\/2022\/05\/IMGP7744_k-199x300.jpg 199w, https:\/\/lag-selbsthilfe-sachsen.de\/wp-content\/uploads\/2022\/05\/IMGP7744_k-680x1024.jpg 680w, https:\/\/lag-selbsthilfe-sachsen.de\/wp-content\/uploads\/2022\/05\/IMGP7744_k-768x1157.jpg 768w\" sizes=\"auto, (max-width: 784px) 100vw, 784px\" \/><\/figure>\n\n\n\n<figure class=\"wp-block-image size-large\"><img loading=\"lazy\" decoding=\"async\" width=\"1181\" height=\"784\" data-id=\"5631\" src=\"https:\/\/lag-selbsthilfe-sachsen.de\/wp-content\/uploads\/2022\/05\/IMGP7783_k.jpg\" alt=\"\" class=\"wp-image-5631\" srcset=\"https:\/\/lag-selbsthilfe-sachsen.de\/wp-content\/uploads\/2022\/05\/IMGP7783_k.jpg 1181w, https:\/\/lag-selbsthilfe-sachsen.de\/wp-content\/uploads\/2022\/05\/IMGP7783_k-300x199.jpg 300w, https:\/\/lag-selbsthilfe-sachsen.de\/wp-content\/uploads\/2022\/05\/IMGP7783_k-1024x680.jpg 1024w, https:\/\/lag-selbsthilfe-sachsen.de\/wp-content\/uploads\/2022\/05\/IMGP7783_k-768x510.jpg 768w, https:\/\/lag-selbsthilfe-sachsen.de\/wp-content\/uploads\/2022\/05\/IMGP7783_k-670x446.jpg 670w, https:\/\/lag-selbsthilfe-sachsen.de\/wp-content\/uploads\/2022\/05\/IMGP7783_k-480x320.jpg 480w, https:\/\/lag-selbsthilfe-sachsen.de\/wp-content\/uploads\/2022\/05\/IMGP7783_k-390x260.jpg 390w, https:\/\/lag-selbsthilfe-sachsen.de\/wp-content\/uploads\/2022\/05\/IMGP7783_k-285x190.jpg 285w\" sizes=\"auto, (max-width: 1181px) 100vw, 1181px\" \/><\/figure>\n\n\n\n<figure class=\"wp-block-image size-large\"><img loading=\"lazy\" decoding=\"async\" width=\"1181\" height=\"783\" data-id=\"5629\" src=\"https:\/\/lag-selbsthilfe-sachsen.de\/wp-content\/uploads\/2022\/05\/IMGP7695_k.jpg\" alt=\"\" class=\"wp-image-5629\" srcset=\"https:\/\/lag-selbsthilfe-sachsen.de\/wp-content\/uploads\/2022\/05\/IMGP7695_k.jpg 1181w, https:\/\/lag-selbsthilfe-sachsen.de\/wp-content\/uploads\/2022\/05\/IMGP7695_k-300x199.jpg 300w, https:\/\/lag-selbsthilfe-sachsen.de\/wp-content\/uploads\/2022\/05\/IMGP7695_k-1024x679.jpg 1024w, https:\/\/lag-selbsthilfe-sachsen.de\/wp-content\/uploads\/2022\/05\/IMGP7695_k-768x509.jpg 768w, https:\/\/lag-selbsthilfe-sachsen.de\/wp-content\/uploads\/2022\/05\/IMGP7695_k-390x260.jpg 390w, https:\/\/lag-selbsthilfe-sachsen.de\/wp-content\/uploads\/2022\/05\/IMGP7695_k-285x190.jpg 285w\" sizes=\"auto, (max-width: 1181px) 100vw, 1181px\" \/><\/figure>\n\n\n\n<figure class=\"wp-block-image size-large\"><img loading=\"lazy\" decoding=\"async\" width=\"1181\" height=\"784\" data-id=\"5627\" src=\"https:\/\/lag-selbsthilfe-sachsen.de\/wp-content\/uploads\/2022\/05\/IMGP7737_k.jpg\" alt=\"\" class=\"wp-image-5627\" srcset=\"https:\/\/lag-selbsthilfe-sachsen.de\/wp-content\/uploads\/2022\/05\/IMGP7737_k.jpg 1181w, https:\/\/lag-selbsthilfe-sachsen.de\/wp-content\/uploads\/2022\/05\/IMGP7737_k-300x199.jpg 300w, https:\/\/lag-selbsthilfe-sachsen.de\/wp-content\/uploads\/2022\/05\/IMGP7737_k-1024x680.jpg 1024w, https:\/\/lag-selbsthilfe-sachsen.de\/wp-content\/uploads\/2022\/05\/IMGP7737_k-768x510.jpg 768w, https:\/\/lag-selbsthilfe-sachsen.de\/wp-content\/uploads\/2022\/05\/IMGP7737_k-670x446.jpg 670w, https:\/\/lag-selbsthilfe-sachsen.de\/wp-content\/uploads\/2022\/05\/IMGP7737_k-480x320.jpg 480w, https:\/\/lag-selbsthilfe-sachsen.de\/wp-content\/uploads\/2022\/05\/IMGP7737_k-390x260.jpg 390w, https:\/\/lag-selbsthilfe-sachsen.de\/wp-content\/uploads\/2022\/05\/IMGP7737_k-285x190.jpg 285w\" sizes=\"auto, (max-width: 1181px) 100vw, 1181px\" \/><\/figure>\n\n\n\n<figure class=\"wp-block-image size-large\"><img loading=\"lazy\" decoding=\"async\" width=\"1181\" height=\"787\" data-id=\"5617\" src=\"https:\/\/lag-selbsthilfe-sachsen.de\/wp-content\/uploads\/2022\/05\/IMGP7710_k.jpg\" alt=\"\" class=\"wp-image-5617\" srcset=\"https:\/\/lag-selbsthilfe-sachsen.de\/wp-content\/uploads\/2022\/05\/IMGP7710_k.jpg 1181w, https:\/\/lag-selbsthilfe-sachsen.de\/wp-content\/uploads\/2022\/05\/IMGP7710_k-300x200.jpg 300w, https:\/\/lag-selbsthilfe-sachsen.de\/wp-content\/uploads\/2022\/05\/IMGP7710_k-1024x682.jpg 1024w, https:\/\/lag-selbsthilfe-sachsen.de\/wp-content\/uploads\/2022\/05\/IMGP7710_k-768x512.jpg 768w, https:\/\/lag-selbsthilfe-sachsen.de\/wp-content\/uploads\/2022\/05\/IMGP7710_k-670x446.jpg 670w, https:\/\/lag-selbsthilfe-sachsen.de\/wp-content\/uploads\/2022\/05\/IMGP7710_k-600x400.jpg 600w, https:\/\/lag-selbsthilfe-sachsen.de\/wp-content\/uploads\/2022\/05\/IMGP7710_k-480x320.jpg 480w, https:\/\/lag-selbsthilfe-sachsen.de\/wp-content\/uploads\/2022\/05\/IMGP7710_k-390x260.jpg 390w, https:\/\/lag-selbsthilfe-sachsen.de\/wp-content\/uploads\/2022\/05\/IMGP7710_k-285x190.jpg 285w\" sizes=\"auto, (max-width: 1181px) 100vw, 1181px\" \/><\/figure>\n\n\n\n<figure class=\"wp-block-image size-large\"><img loading=\"lazy\" decoding=\"async\" width=\"1181\" height=\"783\" data-id=\"5619\" src=\"https:\/\/lag-selbsthilfe-sachsen.de\/wp-content\/uploads\/2022\/05\/IMGP7731_k.jpg\" alt=\"\" class=\"wp-image-5619\" srcset=\"https:\/\/lag-selbsthilfe-sachsen.de\/wp-content\/uploads\/2022\/05\/IMGP7731_k.jpg 1181w, https:\/\/lag-selbsthilfe-sachsen.de\/wp-content\/uploads\/2022\/05\/IMGP7731_k-300x199.jpg 300w, https:\/\/lag-selbsthilfe-sachsen.de\/wp-content\/uploads\/2022\/05\/IMGP7731_k-1024x679.jpg 1024w, https:\/\/lag-selbsthilfe-sachsen.de\/wp-content\/uploads\/2022\/05\/IMGP7731_k-768x509.jpg 768w, https:\/\/lag-selbsthilfe-sachsen.de\/wp-content\/uploads\/2022\/05\/IMGP7731_k-390x260.jpg 390w, https:\/\/lag-selbsthilfe-sachsen.de\/wp-content\/uploads\/2022\/05\/IMGP7731_k-285x190.jpg 285w\" sizes=\"auto, (max-width: 1181px) 100vw, 1181px\" \/><\/figure>\n\n\n\n<figure class=\"wp-block-image size-large\"><img loading=\"lazy\" decoding=\"async\" width=\"783\" height=\"1181\" data-id=\"5621\" src=\"https:\/\/lag-selbsthilfe-sachsen.de\/wp-content\/uploads\/2022\/05\/IMGP7688_k-1.jpg\" alt=\"\" class=\"wp-image-5621\" srcset=\"https:\/\/lag-selbsthilfe-sachsen.de\/wp-content\/uploads\/2022\/05\/IMGP7688_k-1.jpg 783w, https:\/\/lag-selbsthilfe-sachsen.de\/wp-content\/uploads\/2022\/05\/IMGP7688_k-1-199x300.jpg 199w, https:\/\/lag-selbsthilfe-sachsen.de\/wp-content\/uploads\/2022\/05\/IMGP7688_k-1-679x1024.jpg 679w, https:\/\/lag-selbsthilfe-sachsen.de\/wp-content\/uploads\/2022\/05\/IMGP7688_k-1-768x1158.jpg 768w\" sizes=\"auto, (max-width: 783px) 100vw, 783px\" \/><\/figure>\n\n\n\n<figure class=\"wp-block-image size-large\"><img loading=\"lazy\" decoding=\"async\" width=\"1181\" height=\"784\" data-id=\"5623\" src=\"https:\/\/lag-selbsthilfe-sachsen.de\/wp-content\/uploads\/2022\/05\/PXL_20220505_135927698_k.jpg\" alt=\"\" class=\"wp-image-5623\" srcset=\"https:\/\/lag-selbsthilfe-sachsen.de\/wp-content\/uploads\/2022\/05\/PXL_20220505_135927698_k.jpg 1181w, https:\/\/lag-selbsthilfe-sachsen.de\/wp-content\/uploads\/2022\/05\/PXL_20220505_135927698_k-300x199.jpg 300w, https:\/\/lag-selbsthilfe-sachsen.de\/wp-content\/uploads\/2022\/05\/PXL_20220505_135927698_k-1024x680.jpg 1024w, https:\/\/lag-selbsthilfe-sachsen.de\/wp-content\/uploads\/2022\/05\/PXL_20220505_135927698_k-768x510.jpg 768w, https:\/\/lag-selbsthilfe-sachsen.de\/wp-content\/uploads\/2022\/05\/PXL_20220505_135927698_k-670x446.jpg 670w, https:\/\/lag-selbsthilfe-sachsen.de\/wp-content\/uploads\/2022\/05\/PXL_20220505_135927698_k-480x320.jpg 480w, https:\/\/lag-selbsthilfe-sachsen.de\/wp-content\/uploads\/2022\/05\/PXL_20220505_135927698_k-390x260.jpg 390w, https:\/\/lag-selbsthilfe-sachsen.de\/wp-content\/uploads\/2022\/05\/PXL_20220505_135927698_k-285x190.jpg 285w\" sizes=\"auto, (max-width: 1181px) 100vw, 1181px\" \/><\/figure>\n\n\n\n<figure class=\"wp-block-image size-large\"><img loading=\"lazy\" decoding=\"async\" width=\"784\" height=\"1181\" data-id=\"5625\" src=\"https:\/\/lag-selbsthilfe-sachsen.de\/wp-content\/uploads\/2022\/05\/IMGP7760_k.jpg\" alt=\"\" class=\"wp-image-5625\" srcset=\"https:\/\/lag-selbsthilfe-sachsen.de\/wp-content\/uploads\/2022\/05\/IMGP7760_k.jpg 784w, https:\/\/lag-selbsthilfe-sachsen.de\/wp-content\/uploads\/2022\/05\/IMGP7760_k-199x300.jpg 199w, https:\/\/lag-selbsthilfe-sachsen.de\/wp-content\/uploads\/2022\/05\/IMGP7760_k-680x1024.jpg 680w, https:\/\/lag-selbsthilfe-sachsen.de\/wp-content\/uploads\/2022\/05\/IMGP7760_k-768x1157.jpg 768w\" sizes=\"auto, (max-width: 784px) 100vw, 784px\" \/><\/figure>\n<\/figure>\n","protected":false},"excerpt":{"rendered":"<p>Markt der Inklusion am 5. Mai in Dresden Es gibt einen Aktions\u00b7tag f\u00fcr Menschen mit Behinderung.Er hei\u00dft:&nbsp;Europ\u00e4ischer&nbsp;Protest\u00b7tag zur Gleichstellung von Menschen mit Behinderung.Er findet immer am 5. Mai statt.&nbsp;Viele Vereine und Einrichtungen f\u00fcr Menschen mit Behinderungen&nbsp;protestieren dann.Sie sagen deutlich: Was muss besser werden f\u00fcr Menschen mit Behinderung.Und welche Hindernisse gibt es noch. Unser Verein hei\u00dft:<\/p>\n","protected":false},"author":4,"featured_media":5566,"comment_status":"open","ping_status":"open","sticky":false,"template":"","format":"standard","meta":{"_acf_changed":false,"footnotes":""},"categories":[51],"tags":[],"class_list":["post-5686","post","type-post","status-publish","format-standard","has-post-thumbnail","hentry","category-uncategorized-ls"],"acf":[],"yoast_head":"<!-- This site is optimized with the Yoast SEO plugin v27.3 - https:\/\/yoast.com\/product\/yoast-seo-wordpress\/ -->\n<title>R\u00fcck\u00b7blick zur Protest\u00b7aktion in Dresden - LAG<\/title>\n<meta name=\"robots\" content=\"index, follow, max-snippet:-1, max-image-preview:large, max-video-preview:-1\" \/>\n<link rel=\"canonical\" href=\"https:\/\/lag-selbsthilfe-sachsen.de\/ls\/ruckblick-zur-protestaktion-in-dresden\/\" \/>\n<meta property=\"og:locale\" content=\"en_US\" \/>\n<meta property=\"og:type\" content=\"article\" \/>\n<meta property=\"og:title\" content=\"R\u00fcck\u00b7blick zur Protest\u00b7aktion in Dresden - LAG\" \/>\n<meta property=\"og:description\" content=\"Markt der Inklusion am 5. Mai in Dresden Es gibt einen Aktions\u00b7tag f\u00fcr Menschen mit Behinderung.Er hei\u00dft:&nbsp;Europ\u00e4ischer&nbsp;Protest\u00b7tag zur Gleichstellung von Menschen mit Behinderung.Er findet immer am 5. Mai statt.&nbsp;Viele Vereine und Einrichtungen f\u00fcr Menschen mit Behinderungen&nbsp;protestieren dann.Sie sagen deutlich: Was muss besser werden f\u00fcr Menschen mit Behinderung.Und welche Hindernisse gibt es noch. Unser Verein hei\u00dft:\" \/>\n<meta property=\"og:url\" content=\"https:\/\/lag-selbsthilfe-sachsen.de\/ls\/ruckblick-zur-protestaktion-in-dresden\/\" \/>\n<meta property=\"og:site_name\" content=\"LAG\" \/>\n<meta property=\"article:published_time\" content=\"2022-05-12T11:51:46+00:00\" \/>\n<meta property=\"article:modified_time\" content=\"2022-05-12T14:17:03+00:00\" \/>\n<meta property=\"og:image\" content=\"https:\/\/lag-selbsthilfe-sachsen.de\/wp-content\/uploads\/2022\/05\/IMG_8891-scaled.jpg\" \/>\n\t<meta property=\"og:image:width\" content=\"2560\" \/>\n\t<meta property=\"og:image:height\" content=\"1920\" \/>\n\t<meta property=\"og:image:type\" content=\"image\/jpeg\" \/>\n<meta name=\"author\" content=\"Anne H\u00e4hnel\" \/>\n<meta name=\"twitter:card\" content=\"summary_large_image\" \/>\n<meta name=\"twitter:label1\" content=\"Written by\" \/>\n\t<meta name=\"twitter:data1\" content=\"Anne H\u00e4hnel\" \/>\n\t<meta name=\"twitter:label2\" content=\"Est. reading time\" \/>\n\t<meta name=\"twitter:data2\" content=\"11 minutes\" \/>\n<script type=\"application\/ld+json\" class=\"yoast-schema-graph\">{\"@context\":\"https:\\\/\\\/schema.org\",\"@graph\":[{\"@type\":\"Article\",\"@id\":\"https:\\\/\\\/lag-selbsthilfe-sachsen.de\\\/ls\\\/ruckblick-zur-protestaktion-in-dresden\\\/#article\",\"isPartOf\":{\"@id\":\"https:\\\/\\\/lag-selbsthilfe-sachsen.de\\\/ls\\\/ruckblick-zur-protestaktion-in-dresden\\\/\"},\"author\":{\"name\":\"Anne H\u00e4hnel\",\"@id\":\"https:\\\/\\\/lag-selbsthilfe-sachsen.de\\\/ls\\\/#\\\/schema\\\/person\\\/a27c3a15a5c180502dbaab6a1444c8d7\"},\"headline\":\"R\u00fcck\u00b7blick zur Protest\u00b7aktion in Dresden\",\"datePublished\":\"2022-05-12T11:51:46+00:00\",\"dateModified\":\"2022-05-12T14:17:03+00:00\",\"mainEntityOfPage\":{\"@id\":\"https:\\\/\\\/lag-selbsthilfe-sachsen.de\\\/ls\\\/ruckblick-zur-protestaktion-in-dresden\\\/\"},\"wordCount\":976,\"commentCount\":0,\"image\":{\"@id\":\"https:\\\/\\\/lag-selbsthilfe-sachsen.de\\\/ls\\\/ruckblick-zur-protestaktion-in-dresden\\\/#primaryimage\"},\"thumbnailUrl\":\"https:\\\/\\\/lag-selbsthilfe-sachsen.de\\\/wp-content\\\/uploads\\\/2022\\\/05\\\/IMG_8891-scaled-e1710163317619.jpg\",\"articleSection\":[\"Uncategorized @ls\"],\"inLanguage\":\"l-S\",\"potentialAction\":[{\"@type\":\"CommentAction\",\"name\":\"Comment\",\"target\":[\"https:\\\/\\\/lag-selbsthilfe-sachsen.de\\\/ls\\\/ruckblick-zur-protestaktion-in-dresden\\\/#respond\"]}]},{\"@type\":\"WebPage\",\"@id\":\"https:\\\/\\\/lag-selbsthilfe-sachsen.de\\\/ls\\\/ruckblick-zur-protestaktion-in-dresden\\\/\",\"url\":\"https:\\\/\\\/lag-selbsthilfe-sachsen.de\\\/ls\\\/ruckblick-zur-protestaktion-in-dresden\\\/\",\"name\":\"R\u00fcck\u00b7blick zur Protest\u00b7aktion in Dresden - LAG\",\"isPartOf\":{\"@id\":\"https:\\\/\\\/lag-selbsthilfe-sachsen.de\\\/ls\\\/#website\"},\"primaryImageOfPage\":{\"@id\":\"https:\\\/\\\/lag-selbsthilfe-sachsen.de\\\/ls\\\/ruckblick-zur-protestaktion-in-dresden\\\/#primaryimage\"},\"image\":{\"@id\":\"https:\\\/\\\/lag-selbsthilfe-sachsen.de\\\/ls\\\/ruckblick-zur-protestaktion-in-dresden\\\/#primaryimage\"},\"thumbnailUrl\":\"https:\\\/\\\/lag-selbsthilfe-sachsen.de\\\/wp-content\\\/uploads\\\/2022\\\/05\\\/IMG_8891-scaled-e1710163317619.jpg\",\"datePublished\":\"2022-05-12T11:51:46+00:00\",\"dateModified\":\"2022-05-12T14:17:03+00:00\",\"author\":{\"@id\":\"https:\\\/\\\/lag-selbsthilfe-sachsen.de\\\/ls\\\/#\\\/schema\\\/person\\\/a27c3a15a5c180502dbaab6a1444c8d7\"},\"breadcrumb\":{\"@id\":\"https:\\\/\\\/lag-selbsthilfe-sachsen.de\\\/ls\\\/ruckblick-zur-protestaktion-in-dresden\\\/#breadcrumb\"},\"inLanguage\":\"l-S\",\"potentialAction\":[{\"@type\":\"ReadAction\",\"target\":[\"https:\\\/\\\/lag-selbsthilfe-sachsen.de\\\/ls\\\/ruckblick-zur-protestaktion-in-dresden\\\/\"]}]},{\"@type\":\"ImageObject\",\"inLanguage\":\"l-S\",\"@id\":\"https:\\\/\\\/lag-selbsthilfe-sachsen.de\\\/ls\\\/ruckblick-zur-protestaktion-in-dresden\\\/#primaryimage\",\"url\":\"https:\\\/\\\/lag-selbsthilfe-sachsen.de\\\/wp-content\\\/uploads\\\/2022\\\/05\\\/IMG_8891-scaled-e1710163317619.jpg\",\"contentUrl\":\"https:\\\/\\\/lag-selbsthilfe-sachsen.de\\\/wp-content\\\/uploads\\\/2022\\\/05\\\/IMG_8891-scaled-e1710163317619.jpg\",\"width\":2560,\"height\":1920},{\"@type\":\"BreadcrumbList\",\"@id\":\"https:\\\/\\\/lag-selbsthilfe-sachsen.de\\\/ls\\\/ruckblick-zur-protestaktion-in-dresden\\\/#breadcrumb\",\"itemListElement\":[{\"@type\":\"ListItem\",\"position\":1,\"name\":\"Startseite\",\"item\":\"https:\\\/\\\/lag-selbsthilfe-sachsen.de\\\/ls\\\/\"},{\"@type\":\"ListItem\",\"position\":2,\"name\":\"R\u00fcck\u00b7blick zur Protest\u00b7aktion in Dresden\"}]},{\"@type\":\"WebSite\",\"@id\":\"https:\\\/\\\/lag-selbsthilfe-sachsen.de\\\/ls\\\/#website\",\"url\":\"https:\\\/\\\/lag-selbsthilfe-sachsen.de\\\/ls\\\/\",\"name\":\"LAG\",\"description\":\"Landesarbeitsgemeinschaft Selbsthilfe Sachsen e.V.\",\"potentialAction\":[{\"@type\":\"SearchAction\",\"target\":{\"@type\":\"EntryPoint\",\"urlTemplate\":\"https:\\\/\\\/lag-selbsthilfe-sachsen.de\\\/ls\\\/?s={search_term_string}\"},\"query-input\":{\"@type\":\"PropertyValueSpecification\",\"valueRequired\":true,\"valueName\":\"search_term_string\"}}],\"inLanguage\":\"l-S\"},{\"@type\":\"Person\",\"@id\":\"https:\\\/\\\/lag-selbsthilfe-sachsen.de\\\/ls\\\/#\\\/schema\\\/person\\\/a27c3a15a5c180502dbaab6a1444c8d7\",\"name\":\"Anne H\u00e4hnel\",\"url\":\"https:\\\/\\\/lag-selbsthilfe-sachsen.de\\\/ls\\\/author\\\/annehaehnel\\\/\"}]}<\/script>\n<!-- \/ Yoast SEO plugin. -->","yoast_head_json":{"title":"R\u00fcck\u00b7blick zur Protest\u00b7aktion in Dresden - LAG","robots":{"index":"index","follow":"follow","max-snippet":"max-snippet:-1","max-image-preview":"max-image-preview:large","max-video-preview":"max-video-preview:-1"},"canonical":"https:\/\/lag-selbsthilfe-sachsen.de\/ls\/ruckblick-zur-protestaktion-in-dresden\/","og_locale":"en_US","og_type":"article","og_title":"R\u00fcck\u00b7blick zur Protest\u00b7aktion in Dresden - LAG","og_description":"Markt der Inklusion am 5. Mai in Dresden Es gibt einen Aktions\u00b7tag f\u00fcr Menschen mit Behinderung.Er hei\u00dft:&nbsp;Europ\u00e4ischer&nbsp;Protest\u00b7tag zur Gleichstellung von Menschen mit Behinderung.Er findet immer am 5. Mai statt.&nbsp;Viele Vereine und Einrichtungen f\u00fcr Menschen mit Behinderungen&nbsp;protestieren dann.Sie sagen deutlich: Was muss besser werden f\u00fcr Menschen mit Behinderung.Und welche Hindernisse gibt es noch. Unser Verein hei\u00dft:","og_url":"https:\/\/lag-selbsthilfe-sachsen.de\/ls\/ruckblick-zur-protestaktion-in-dresden\/","og_site_name":"LAG","article_published_time":"2022-05-12T11:51:46+00:00","article_modified_time":"2022-05-12T14:17:03+00:00","og_image":[{"width":2560,"height":1920,"url":"https:\/\/lag-selbsthilfe-sachsen.de\/wp-content\/uploads\/2022\/05\/IMG_8891-scaled.jpg","type":"image\/jpeg"}],"author":"Anne H\u00e4hnel","twitter_card":"summary_large_image","twitter_misc":{"Written by":"Anne H\u00e4hnel","Est. reading time":"11 minutes"},"schema":{"@context":"https:\/\/schema.org","@graph":[{"@type":"Article","@id":"https:\/\/lag-selbsthilfe-sachsen.de\/ls\/ruckblick-zur-protestaktion-in-dresden\/#article","isPartOf":{"@id":"https:\/\/lag-selbsthilfe-sachsen.de\/ls\/ruckblick-zur-protestaktion-in-dresden\/"},"author":{"name":"Anne H\u00e4hnel","@id":"https:\/\/lag-selbsthilfe-sachsen.de\/ls\/#\/schema\/person\/a27c3a15a5c180502dbaab6a1444c8d7"},"headline":"R\u00fcck\u00b7blick zur Protest\u00b7aktion in Dresden","datePublished":"2022-05-12T11:51:46+00:00","dateModified":"2022-05-12T14:17:03+00:00","mainEntityOfPage":{"@id":"https:\/\/lag-selbsthilfe-sachsen.de\/ls\/ruckblick-zur-protestaktion-in-dresden\/"},"wordCount":976,"commentCount":0,"image":{"@id":"https:\/\/lag-selbsthilfe-sachsen.de\/ls\/ruckblick-zur-protestaktion-in-dresden\/#primaryimage"},"thumbnailUrl":"https:\/\/lag-selbsthilfe-sachsen.de\/wp-content\/uploads\/2022\/05\/IMG_8891-scaled-e1710163317619.jpg","articleSection":["Uncategorized @ls"],"inLanguage":"l-S","potentialAction":[{"@type":"CommentAction","name":"Comment","target":["https:\/\/lag-selbsthilfe-sachsen.de\/ls\/ruckblick-zur-protestaktion-in-dresden\/#respond"]}]},{"@type":"WebPage","@id":"https:\/\/lag-selbsthilfe-sachsen.de\/ls\/ruckblick-zur-protestaktion-in-dresden\/","url":"https:\/\/lag-selbsthilfe-sachsen.de\/ls\/ruckblick-zur-protestaktion-in-dresden\/","name":"R\u00fcck\u00b7blick zur Protest\u00b7aktion in Dresden - LAG","isPartOf":{"@id":"https:\/\/lag-selbsthilfe-sachsen.de\/ls\/#website"},"primaryImageOfPage":{"@id":"https:\/\/lag-selbsthilfe-sachsen.de\/ls\/ruckblick-zur-protestaktion-in-dresden\/#primaryimage"},"image":{"@id":"https:\/\/lag-selbsthilfe-sachsen.de\/ls\/ruckblick-zur-protestaktion-in-dresden\/#primaryimage"},"thumbnailUrl":"https:\/\/lag-selbsthilfe-sachsen.de\/wp-content\/uploads\/2022\/05\/IMG_8891-scaled-e1710163317619.jpg","datePublished":"2022-05-12T11:51:46+00:00","dateModified":"2022-05-12T14:17:03+00:00","author":{"@id":"https:\/\/lag-selbsthilfe-sachsen.de\/ls\/#\/schema\/person\/a27c3a15a5c180502dbaab6a1444c8d7"},"breadcrumb":{"@id":"https:\/\/lag-selbsthilfe-sachsen.de\/ls\/ruckblick-zur-protestaktion-in-dresden\/#breadcrumb"},"inLanguage":"l-S","potentialAction":[{"@type":"ReadAction","target":["https:\/\/lag-selbsthilfe-sachsen.de\/ls\/ruckblick-zur-protestaktion-in-dresden\/"]}]},{"@type":"ImageObject","inLanguage":"l-S","@id":"https:\/\/lag-selbsthilfe-sachsen.de\/ls\/ruckblick-zur-protestaktion-in-dresden\/#primaryimage","url":"https:\/\/lag-selbsthilfe-sachsen.de\/wp-content\/uploads\/2022\/05\/IMG_8891-scaled-e1710163317619.jpg","contentUrl":"https:\/\/lag-selbsthilfe-sachsen.de\/wp-content\/uploads\/2022\/05\/IMG_8891-scaled-e1710163317619.jpg","width":2560,"height":1920},{"@type":"BreadcrumbList","@id":"https:\/\/lag-selbsthilfe-sachsen.de\/ls\/ruckblick-zur-protestaktion-in-dresden\/#breadcrumb","itemListElement":[{"@type":"ListItem","position":1,"name":"Startseite","item":"https:\/\/lag-selbsthilfe-sachsen.de\/ls\/"},{"@type":"ListItem","position":2,"name":"R\u00fcck\u00b7blick zur Protest\u00b7aktion in Dresden"}]},{"@type":"WebSite","@id":"https:\/\/lag-selbsthilfe-sachsen.de\/ls\/#website","url":"https:\/\/lag-selbsthilfe-sachsen.de\/ls\/","name":"LAG","description":"Landesarbeitsgemeinschaft Selbsthilfe Sachsen e.V.","potentialAction":[{"@type":"SearchAction","target":{"@type":"EntryPoint","urlTemplate":"https:\/\/lag-selbsthilfe-sachsen.de\/ls\/?s={search_term_string}"},"query-input":{"@type":"PropertyValueSpecification","valueRequired":true,"valueName":"search_term_string"}}],"inLanguage":"l-S"},{"@type":"Person","@id":"https:\/\/lag-selbsthilfe-sachsen.de\/ls\/#\/schema\/person\/a27c3a15a5c180502dbaab6a1444c8d7","name":"Anne H\u00e4hnel","url":"https:\/\/lag-selbsthilfe-sachsen.de\/ls\/author\/annehaehnel\/"}]}},"_links":{"self":[{"href":"https:\/\/lag-selbsthilfe-sachsen.de\/ls\/wp-json\/wp\/v2\/posts\/5686","targetHints":{"allow":["GET"]}}],"collection":[{"href":"https:\/\/lag-selbsthilfe-sachsen.de\/ls\/wp-json\/wp\/v2\/posts"}],"about":[{"href":"https:\/\/lag-selbsthilfe-sachsen.de\/ls\/wp-json\/wp\/v2\/types\/post"}],"author":[{"embeddable":true,"href":"https:\/\/lag-selbsthilfe-sachsen.de\/ls\/wp-json\/wp\/v2\/users\/4"}],"replies":[{"embeddable":true,"href":"https:\/\/lag-selbsthilfe-sachsen.de\/ls\/wp-json\/wp\/v2\/comments?post=5686"}],"version-history":[{"count":2,"href":"https:\/\/lag-selbsthilfe-sachsen.de\/ls\/wp-json\/wp\/v2\/posts\/5686\/revisions"}],"predecessor-version":[{"id":5693,"href":"https:\/\/lag-selbsthilfe-sachsen.de\/ls\/wp-json\/wp\/v2\/posts\/5686\/revisions\/5693"}],"wp:featuredmedia":[{"embeddable":true,"href":"https:\/\/lag-selbsthilfe-sachsen.de\/ls\/wp-json\/wp\/v2\/media\/5566"}],"wp:attachment":[{"href":"https:\/\/lag-selbsthilfe-sachsen.de\/ls\/wp-json\/wp\/v2\/media?parent=5686"}],"wp:term":[{"taxonomy":"category","embeddable":true,"href":"https:\/\/lag-selbsthilfe-sachsen.de\/ls\/wp-json\/wp\/v2\/categories?post=5686"},{"taxonomy":"post_tag","embeddable":true,"href":"https:\/\/lag-selbsthilfe-sachsen.de\/ls\/wp-json\/wp\/v2\/tags?post=5686"}],"curies":[{"name":"wp","href":"https:\/\/api.w.org\/{rel}","templated":true}]}}